
{"id":23291,"date":"2019-03-08T00:00:00","date_gmt":"2019-03-07T23:00:00","guid":{"rendered":"https:\/\/przedszkole61.edu.wroclaw.pl\/index.php\/2019\/03\/08\/warsztaty-konstrukcyjne-z-klockami-linden\/"},"modified":"2021-04-02T13:33:09","modified_gmt":"2021-04-02T11:33:09","slug":"warsztaty-konstrukcyjne-z-klockami-linden","status":"publish","type":"post","link":"https:\/\/przedszkole61.edu.wroclaw.pl\/index.php\/2019\/03\/08\/warsztaty-konstrukcyjne-z-klockami-linden\/","title":{"rendered":"Warsztaty konstrukcyjne z klockami LINDEN"},"content":{"rendered":"<p><strong>8 marca 2019<\/strong> \u201eGajowickie Skrzaty\u201d z grupy V budowa\u0142y i tworzy\u0142y niesamowite konstrukcje z klock\u00f3w LINDEN. <strong>To by\u0142a \u015bwietna zabawa!<\/strong>\u00a0Klocki LINDEN s\u0105 w pe\u0142ni ekologiczne, zbudowane z jednakowych, prostych element\u00f3w i daj\u0105 moc mo\u017cliwo\u015bci. <!--more-->Rozwijaj\u0105 u dzieci m.in.: kreatywno\u015b\u0107, koncentracj\u0119, skupienie, logiczne my\u015blenie, widzenie przestrzenne i zdolno\u015bci manualne.<\/p>\n\n","protected":false},"excerpt":{"rendered":"<p>8 marca 2019 \u201eGajowickie Skrzaty\u201d z grupy V budowa\u0142y i tworzy\u0142y niesamowite konstrukcje z klock\u00f3w LINDEN. To by\u0142a \u015bwietna zabawa!\u00a0Klocki LINDEN s\u0105 w pe\u0142ni ekologiczne, zbudowane z jednakowych, prostych element\u00f3w [&hellip;]<\/p>\n","protected":false},"author":186,"featured_media":23292,"comment_status":"closed","ping_status":"open","sticky":false,"template":"","format":"standard","meta":{"ngg_post_thumbnail":0,"footnotes":""},"categories":[8],"tags":[],"class_list":["post-23291","post","type-post","status-publish","format-standard","has-post-thumbnail","hentry","category-wydarzenia","clearfix"],"_links":{"self":[{"href":"https:\/\/przedszkole61.edu.wroclaw.pl\/index.php\/wp-json\/wp\/v2\/posts\/23291","targetHints":{"allow":["GET"]}}],"collection":[{"href":"https:\/\/przedszkole61.edu.wroclaw.pl\/index.php\/wp-json\/wp\/v2\/posts"}],"about":[{"href":"https:\/\/przedszkole61.edu.wroclaw.pl\/index.php\/wp-json\/wp\/v2\/types\/post"}],"author":[{"embeddable":true,"href":"https:\/\/przedszkole61.edu.wroclaw.pl\/index.php\/wp-json\/wp\/v2\/users\/186"}],"replies":[{"embeddable":true,"href":"https:\/\/przedszkole61.edu.wroclaw.pl\/index.php\/wp-json\/wp\/v2\/comments?post=23291"}],"version-history":[{"count":1,"href":"https:\/\/przedszkole61.edu.wroclaw.pl\/index.php\/wp-json\/wp\/v2\/posts\/23291\/revisions"}],"predecessor-version":[{"id":24944,"href":"https:\/\/przedszkole61.edu.wroclaw.pl\/index.php\/wp-json\/wp\/v2\/posts\/23291\/revisions\/24944"}],"wp:featuredmedia":[{"embeddable":true,"href":"https:\/\/przedszkole61.edu.wroclaw.pl\/index.php\/wp-json\/wp\/v2\/media\/23292"}],"wp:attachment":[{"href":"https:\/\/przedszkole61.edu.wroclaw.pl\/index.php\/wp-json\/wp\/v2\/media?parent=23291"}],"wp:term":[{"taxonomy":"category","embeddable":true,"href":"https:\/\/przedszkole61.edu.wroclaw.pl\/index.php\/wp-json\/wp\/v2\/categories?post=23291"},{"taxonomy":"post_tag","embeddable":true,"href":"https:\/\/przedszkole61.edu.wroclaw.pl\/index.php\/wp-json\/wp\/v2\/tags?post=23291"}],"curies":[{"name":"wp","href":"https:\/\/api.w.org\/{rel}","templated":true}]}}