
{"id":23421,"date":"2020-02-07T00:00:00","date_gmt":"2020-02-06T23:00:00","guid":{"rendered":"https:\/\/przedszkole61.edu.wroclaw.pl\/index.php\/2019\/05\/10\/pokaz-tanca-akrobatycznego\/"},"modified":"2021-04-02T13:33:18","modified_gmt":"2021-04-02T11:33:18","slug":"pokaz-tanca-akrobatycznego-2","status":"publish","type":"post","link":"https:\/\/przedszkole61.edu.wroclaw.pl\/index.php\/2020\/02\/07\/pokaz-tanca-akrobatycznego-2\/","title":{"rendered":"Pokaz ta\u0144ca akrobatycznego"},"content":{"rendered":"<p><b>7 lutego 2020 <\/b>\u201eGajowickie Skrzaty\u201d obejrza\u0142y pokaz ta\u0144ca akrobatycznego w wykonaniu Jagody D, absolwentki naszego przedszkola. <!--more-->Dla Jagody taniec to pasja i rado\u015b\u0107. Dziewczynka ca\u0142y sw\u00f3j wolny czas po\u015bwi\u0119ca na treningi, bierze udzia\u0142 w licznych Turniejach, Mistrzostwach i odnosi sukcesy. Jej kolekcja puchar\u00f3w i medali wygl\u0105da imponuj\u0105co! Jagoda zaprezentowa\u0142a przedszkolakom swoje umiej\u0119tno\u015bci taneczne i akrobatyczne oraz udzieli\u0142a kr\u00f3tkiego \u201ewywiadu\u201d. Na koniec spotkania przeprowadzi\u0142a mini warsztaty ta\u0144ca akrobatycznego. By\u0142o super!<\/p>\n<p><b>Bardzo serdecznie dzi\u0119kujemy za odwiedziny i niezwyk\u0142e spotkanie. <\/b><b>\u017byczymy sukces\u00f3w i czekamy na kolejne pokazy i wyst\u0119py.<\/b><\/p>\n<p><b>Zach\u0119camy wszystkich Rodzic\u00f3w do rozwijania zainteresowa\u0144 i uzdolnie\u0144 dzieci na zaj\u0119ciach w M\u0142odzie\u017cowych Domach Kultury.<\/b><\/p>\n\n","protected":false},"excerpt":{"rendered":"<p>7 lutego 2020 \u201eGajowickie Skrzaty\u201d obejrza\u0142y pokaz ta\u0144ca akrobatycznego w wykonaniu Jagody D, absolwentki naszego przedszkola.<\/p>\n","protected":false},"author":186,"featured_media":23821,"comment_status":"closed","ping_status":"open","sticky":false,"template":"","format":"standard","meta":{"ngg_post_thumbnail":0,"footnotes":""},"categories":[8],"tags":[],"class_list":["post-23421","post","type-post","status-publish","format-standard","has-post-thumbnail","hentry","category-wydarzenia","clearfix"],"_links":{"self":[{"href":"https:\/\/przedszkole61.edu.wroclaw.pl\/index.php\/wp-json\/wp\/v2\/posts\/23421","targetHints":{"allow":["GET"]}}],"collection":[{"href":"https:\/\/przedszkole61.edu.wroclaw.pl\/index.php\/wp-json\/wp\/v2\/posts"}],"about":[{"href":"https:\/\/przedszkole61.edu.wroclaw.pl\/index.php\/wp-json\/wp\/v2\/types\/post"}],"author":[{"embeddable":true,"href":"https:\/\/przedszkole61.edu.wroclaw.pl\/index.php\/wp-json\/wp\/v2\/users\/186"}],"replies":[{"embeddable":true,"href":"https:\/\/przedszkole61.edu.wroclaw.pl\/index.php\/wp-json\/wp\/v2\/comments?post=23421"}],"version-history":[{"count":3,"href":"https:\/\/przedszkole61.edu.wroclaw.pl\/index.php\/wp-json\/wp\/v2\/posts\/23421\/revisions"}],"predecessor-version":[{"id":25023,"href":"https:\/\/przedszkole61.edu.wroclaw.pl\/index.php\/wp-json\/wp\/v2\/posts\/23421\/revisions\/25023"}],"wp:featuredmedia":[{"embeddable":true,"href":"https:\/\/przedszkole61.edu.wroclaw.pl\/index.php\/wp-json\/wp\/v2\/media\/23821"}],"wp:attachment":[{"href":"https:\/\/przedszkole61.edu.wroclaw.pl\/index.php\/wp-json\/wp\/v2\/media?parent=23421"}],"wp:term":[{"taxonomy":"category","embeddable":true,"href":"https:\/\/przedszkole61.edu.wroclaw.pl\/index.php\/wp-json\/wp\/v2\/categories?post=23421"},{"taxonomy":"post_tag","embeddable":true,"href":"https:\/\/przedszkole61.edu.wroclaw.pl\/index.php\/wp-json\/wp\/v2\/tags?post=23421"}],"curies":[{"name":"wp","href":"https:\/\/api.w.org\/{rel}","templated":true}]}}