
{"id":23605,"date":"2019-09-25T00:00:00","date_gmt":"2019-09-24T22:00:00","guid":{"rendered":"https:\/\/przedszkole61.edu.wroclaw.pl\/index.php\/2019\/09\/25\/lamacz-lodow-akcja-integracja\/"},"modified":"2021-04-02T13:33:15","modified_gmt":"2021-04-02T11:33:15","slug":"lamacz-lodow-akcja-integracja","status":"publish","type":"post","link":"https:\/\/przedszkole61.edu.wroclaw.pl\/index.php\/2019\/09\/25\/lamacz-lodow-akcja-integracja\/","title":{"rendered":"&#8222;\u0141amacz lod\u00f3w &#8211; akcja integracja&#8221;"},"content":{"rendered":"<p><strong>25 wrze\u015bnia 2019<\/strong> przedszkolaki z grupy III wzi\u0119\u0142y udzia\u0142 w warsztatach psychologicznych pt.: \u201e\u0141amacz lod\u00f3w \u2013 akcja integracja\u201d. <!--more-->Cele: rozwijanie inteligencji emocjonalnej, empatii, komunikacji i umiej\u0119tno\u015bci wsp\u00f3\u0142dzia\u0142ania. Organizator: \u201eNiez\u0142e klocki\u201d, prowadzenie: pani Karolina M. &#8211; psycholog<\/p>\n<p><strong>Warsztaty finansowane ze \u015brodk\u00f3w Rady Rodzic\u00f3w grupy III<\/strong><\/p>\n\n<p>\u00a0<\/p>\n","protected":false},"excerpt":{"rendered":"<p>25 wrze\u015bnia 2019 przedszkolaki z grupy III wzi\u0119\u0142y udzia\u0142 w warsztatach psychologicznych pt.: \u201e\u0141amacz lod\u00f3w \u2013 akcja integracja\u201d.<\/p>\n","protected":false},"author":186,"featured_media":23606,"comment_status":"closed","ping_status":"open","sticky":false,"template":"","format":"standard","meta":{"ngg_post_thumbnail":0,"footnotes":""},"categories":[8],"tags":[],"class_list":["post-23605","post","type-post","status-publish","format-standard","has-post-thumbnail","hentry","category-wydarzenia","clearfix"],"_links":{"self":[{"href":"https:\/\/przedszkole61.edu.wroclaw.pl\/index.php\/wp-json\/wp\/v2\/posts\/23605","targetHints":{"allow":["GET"]}}],"collection":[{"href":"https:\/\/przedszkole61.edu.wroclaw.pl\/index.php\/wp-json\/wp\/v2\/posts"}],"about":[{"href":"https:\/\/przedszkole61.edu.wroclaw.pl\/index.php\/wp-json\/wp\/v2\/types\/post"}],"author":[{"embeddable":true,"href":"https:\/\/przedszkole61.edu.wroclaw.pl\/index.php\/wp-json\/wp\/v2\/users\/186"}],"replies":[{"embeddable":true,"href":"https:\/\/przedszkole61.edu.wroclaw.pl\/index.php\/wp-json\/wp\/v2\/comments?post=23605"}],"version-history":[{"count":1,"href":"https:\/\/przedszkole61.edu.wroclaw.pl\/index.php\/wp-json\/wp\/v2\/posts\/23605\/revisions"}],"predecessor-version":[{"id":24987,"href":"https:\/\/przedszkole61.edu.wroclaw.pl\/index.php\/wp-json\/wp\/v2\/posts\/23605\/revisions\/24987"}],"wp:featuredmedia":[{"embeddable":true,"href":"https:\/\/przedszkole61.edu.wroclaw.pl\/index.php\/wp-json\/wp\/v2\/media\/23606"}],"wp:attachment":[{"href":"https:\/\/przedszkole61.edu.wroclaw.pl\/index.php\/wp-json\/wp\/v2\/media?parent=23605"}],"wp:term":[{"taxonomy":"category","embeddable":true,"href":"https:\/\/przedszkole61.edu.wroclaw.pl\/index.php\/wp-json\/wp\/v2\/categories?post=23605"},{"taxonomy":"post_tag","embeddable":true,"href":"https:\/\/przedszkole61.edu.wroclaw.pl\/index.php\/wp-json\/wp\/v2\/tags?post=23605"}],"curies":[{"name":"wp","href":"https:\/\/api.w.org\/{rel}","templated":true}]}}