
{"id":23787,"date":"2020-01-22T00:00:00","date_gmt":"2020-01-21T23:00:00","guid":{"rendered":"https:\/\/przedszkole61.edu.wroclaw.pl\/index.php\/2020\/01\/22\/wiatrak-matematyczny-zabawa-edukacyjna\/"},"modified":"2021-04-02T13:33:18","modified_gmt":"2021-04-02T11:33:18","slug":"wiatrak-matematyczny-zabawa-edukacyjna","status":"publish","type":"post","link":"https:\/\/przedszkole61.edu.wroclaw.pl\/index.php\/2020\/01\/22\/wiatrak-matematyczny-zabawa-edukacyjna\/","title":{"rendered":"&#8222;Wiatrak matematyczny&#8221;"},"content":{"rendered":"<p><strong>22 stycznia 2020<\/strong> \u201eGajowickie Skrzaty\u201d z grupy: III, IV i V wzi\u0119\u0142y udzia\u0142 w zabawie edukacyjnej z wykorzystaniem innowacyjnej pomocy dydaktycznej \u201eWiatrak matematyczny\u201d. <!--more-->Podczas zabawy z wiatrakiem dzieci doskonali\u0142y umiej\u0119tno\u015b\u0107 liczenia, utrwali\u0142y poj\u0119cia geometryczne, \u0107wiczy\u0142y koordynacj\u0119, pami\u0119\u0107 s\u0142uchow\u0105, ekspresj\u0119 werbaln\u0105 oraz sprawno\u015b\u0107 manualn\u0105. <strong>Wielobarwny wiatrak sprawia, \u017ce matematyka jest prosta!<\/strong><\/p>\n<p>Opracowanie i prowadzenie zabawy:\u00a0Urszula D., Izabela \u017b. z Niepublicznego O\u015brodka Doskonalenia Nauczycieli &#8222;Wiatrak&#8221;.<\/p>\n<p><strong>Wi\u0119cej informacji:<\/strong> <a title=\"wiatrak matematyczny\" href=\"https:\/\/www.google.pl\/url?sa=t&#038;rct=j&#038;q=&#038;esrc=s&#038;source=web&#038;cd=26&#038;cad=rja&#038;uact=8&#038;ved=2ahUKEwiy8tuy_JfnAhXGl4sKHa3VD6IQFjAZegQIAxAB&#038;url=http%3A%2F%2Fwiatrakmatematyczny.pl%2Fpl%2Fwiatrak-matematyczny%2F&#038;usg=AOvVaw1SvizkE_jW0MR54Dj8j1HU\">Wiatrak matematyczny<\/a><\/p>\n\n","protected":false},"excerpt":{"rendered":"<p>22 stycznia 2020 \u201eGajowickie Skrzaty\u201d z grupy: III, IV i V wzi\u0119\u0142y udzia\u0142 w zabawie edukacyjnej z wykorzystaniem innowacyjnej pomocy dydaktycznej \u201eWiatrak matematyczny\u201d.<\/p>\n","protected":false},"author":186,"featured_media":23788,"comment_status":"closed","ping_status":"open","sticky":false,"template":"","format":"standard","meta":{"ngg_post_thumbnail":0,"footnotes":""},"categories":[8],"tags":[],"class_list":["post-23787","post","type-post","status-publish","format-standard","has-post-thumbnail","hentry","category-wydarzenia","clearfix"],"_links":{"self":[{"href":"https:\/\/przedszkole61.edu.wroclaw.pl\/index.php\/wp-json\/wp\/v2\/posts\/23787","targetHints":{"allow":["GET"]}}],"collection":[{"href":"https:\/\/przedszkole61.edu.wroclaw.pl\/index.php\/wp-json\/wp\/v2\/posts"}],"about":[{"href":"https:\/\/przedszkole61.edu.wroclaw.pl\/index.php\/wp-json\/wp\/v2\/types\/post"}],"author":[{"embeddable":true,"href":"https:\/\/przedszkole61.edu.wroclaw.pl\/index.php\/wp-json\/wp\/v2\/users\/186"}],"replies":[{"embeddable":true,"href":"https:\/\/przedszkole61.edu.wroclaw.pl\/index.php\/wp-json\/wp\/v2\/comments?post=23787"}],"version-history":[{"count":1,"href":"https:\/\/przedszkole61.edu.wroclaw.pl\/index.php\/wp-json\/wp\/v2\/posts\/23787\/revisions"}],"predecessor-version":[{"id":25018,"href":"https:\/\/przedszkole61.edu.wroclaw.pl\/index.php\/wp-json\/wp\/v2\/posts\/23787\/revisions\/25018"}],"wp:featuredmedia":[{"embeddable":true,"href":"https:\/\/przedszkole61.edu.wroclaw.pl\/index.php\/wp-json\/wp\/v2\/media\/23788"}],"wp:attachment":[{"href":"https:\/\/przedszkole61.edu.wroclaw.pl\/index.php\/wp-json\/wp\/v2\/media?parent=23787"}],"wp:term":[{"taxonomy":"category","embeddable":true,"href":"https:\/\/przedszkole61.edu.wroclaw.pl\/index.php\/wp-json\/wp\/v2\/categories?post=23787"},{"taxonomy":"post_tag","embeddable":true,"href":"https:\/\/przedszkole61.edu.wroclaw.pl\/index.php\/wp-json\/wp\/v2\/tags?post=23787"}],"curies":[{"name":"wp","href":"https:\/\/api.w.org\/{rel}","templated":true}]}}