
{"id":23827,"date":"2020-02-25T00:00:00","date_gmt":"2020-02-24T23:00:00","guid":{"rendered":"https:\/\/przedszkole61.edu.wroclaw.pl\/index.php\/2020\/02\/25\/dzien-otwarty-w-naszym-przedszkolu-3\/"},"modified":"2021-04-02T13:33:18","modified_gmt":"2021-04-02T11:33:18","slug":"dzien-otwarty-w-naszym-przedszkolu-3","status":"publish","type":"post","link":"https:\/\/przedszkole61.edu.wroclaw.pl\/index.php\/2020\/02\/25\/dzien-otwarty-w-naszym-przedszkolu-3\/","title":{"rendered":"\u201eDzie\u0144 Otwarty\u201d w naszym przedszkolu"},"content":{"rendered":"<p><b>25 lutego 2020<\/b> go\u015bcili\u015bmy przysz\u0142ych przedszkolak\u00f3w wraz z rodzicami. <strong>Do zobaczenia we wrze\u015bniu!<\/strong><\/p>\n<p><strong><!--more--><\/strong><\/p>\n<p><a href=\"http:\/\/www.p61.pl\/wp\/wp-content\/uploads\/2018\/10\/IMG_73481.jpg\"><img loading=\"lazy\" decoding=\"async\" class=\"size-thumbnail wp-image-10272 alignleft\" alt=\"IMG_7348\" src=\"https:\/\/przedszkole61.edu.wroclaw.pl\/wp-content\/uploads\/sites\/58\/2021\/04\/IMG_73481.jpg\" width=\"150\" height=\"113\" \/><\/a><\/p>\n<p style=\"text-align: center;\">\n","protected":false},"excerpt":{"rendered":"<p>25 lutego 2020 go\u015bcili\u015bmy przysz\u0142ych przedszkolak\u00f3w wraz z rodzicami. Do zobaczenia we wrze\u015bniu!<\/p>\n","protected":false},"author":186,"featured_media":23828,"comment_status":"closed","ping_status":"open","sticky":false,"template":"","format":"standard","meta":{"ngg_post_thumbnail":0,"footnotes":""},"categories":[8],"tags":[],"class_list":["post-23827","post","type-post","status-publish","format-standard","has-post-thumbnail","hentry","category-wydarzenia","clearfix"],"_links":{"self":[{"href":"https:\/\/przedszkole61.edu.wroclaw.pl\/index.php\/wp-json\/wp\/v2\/posts\/23827","targetHints":{"allow":["GET"]}}],"collection":[{"href":"https:\/\/przedszkole61.edu.wroclaw.pl\/index.php\/wp-json\/wp\/v2\/posts"}],"about":[{"href":"https:\/\/przedszkole61.edu.wroclaw.pl\/index.php\/wp-json\/wp\/v2\/types\/post"}],"author":[{"embeddable":true,"href":"https:\/\/przedszkole61.edu.wroclaw.pl\/index.php\/wp-json\/wp\/v2\/users\/186"}],"replies":[{"embeddable":true,"href":"https:\/\/przedszkole61.edu.wroclaw.pl\/index.php\/wp-json\/wp\/v2\/comments?post=23827"}],"version-history":[{"count":1,"href":"https:\/\/przedszkole61.edu.wroclaw.pl\/index.php\/wp-json\/wp\/v2\/posts\/23827\/revisions"}],"predecessor-version":[{"id":25024,"href":"https:\/\/przedszkole61.edu.wroclaw.pl\/index.php\/wp-json\/wp\/v2\/posts\/23827\/revisions\/25024"}],"wp:featuredmedia":[{"embeddable":true,"href":"https:\/\/przedszkole61.edu.wroclaw.pl\/index.php\/wp-json\/wp\/v2\/media\/23828"}],"wp:attachment":[{"href":"https:\/\/przedszkole61.edu.wroclaw.pl\/index.php\/wp-json\/wp\/v2\/media?parent=23827"}],"wp:term":[{"taxonomy":"category","embeddable":true,"href":"https:\/\/przedszkole61.edu.wroclaw.pl\/index.php\/wp-json\/wp\/v2\/categories?post=23827"},{"taxonomy":"post_tag","embeddable":true,"href":"https:\/\/przedszkole61.edu.wroclaw.pl\/index.php\/wp-json\/wp\/v2\/tags?post=23827"}],"curies":[{"name":"wp","href":"https:\/\/api.w.org\/{rel}","templated":true}]}}