
{"id":23850,"date":"2020-03-19T00:00:00","date_gmt":"2020-03-18T23:00:00","guid":{"rendered":"https:\/\/przedszkole61.edu.wroclaw.pl\/index.php\/2020\/03\/19\/matematyka-na-wesolo\/"},"modified":"2021-04-02T13:33:19","modified_gmt":"2021-04-02T11:33:19","slug":"matematyka-na-wesolo","status":"publish","type":"post","link":"https:\/\/przedszkole61.edu.wroclaw.pl\/index.php\/2020\/03\/19\/matematyka-na-wesolo\/","title":{"rendered":"&#8222;Matematyka na weso\u0142o&#8221;"},"content":{"rendered":"<p><strong>10 marca 2020<\/strong> \u201eGajowickie Skrzaty\u201d wzi\u0119\u0142y udzia\u0142 w zabawie edukacyjnej pt.: \u201eMatematyka na weso\u0142o\u201d, organizowanej w ramach Dobrych Praktyk Pedagogicznych.<!--more--> \u201eGajowickie Skrzaty\u201d z grupy V pokaza\u0142y, \u017ce kr\u00f3lowa nauk \u2013 matematyka, to nie tylko liczenie ale tak\u017ce piosenki, wiersze i ta\u0144ce.<\/p>\n\n<p>A potem przyszed\u0142 czas na weso\u0142e zabawy matematyk\u0105 w poszczeg\u00f3lnych strefach aktywno\u015bci:<\/p>\n<p><strong>Dzieci m\u0142odsze 3 &#8211; 4 latki:<\/strong><\/p>\n<ul>\n<li><b>Strefa figur i cyfr \u2013<\/b> poznawa\u0142y figury geometryczne z wykorzystaniem wierszy i piosenek. Kolorowymi bibu\u0142kami w kolorze ,,grupowego skrzata&#8221; wyklei\u0142y numer grupy, oraz wykona\u0142y prac\u0119 plastyczn\u0105 z wykorzystaniem figur geometrycznych.<\/li>\n<\/ul>\n\n<ul>\n<li><b>Strefa liczenia \u2013 <\/b>weso\u0142o bawi\u0142y si\u0119 z biedronk\u0105 Czterokropk\u0105 w liczenie\u00a0 &#8230;\u00a0 kropek.<\/li>\n<\/ul>\n\n<ul>\n<li><b>Strefa zabaw ruchowych ,,\u0106wicz\u0119 i licz\u0119&#8221;<\/b> \u2013 \u0107wiczy\u0142y i liczy\u0142y wsp\u00f3lnie z panem Piotrem \u2013 nauczycielem gimnastyki og\u00f3lnorozwojowej.<\/li>\n<\/ul>\n\n<p>\u00a0<\/p>\n<p><strong>Dzieci starsze 5 &#8211; 6 latki:<\/strong><\/p>\n<ul>\n<li><b>Strefa figur i cyfr \u2013 <\/b>utrwali\u0142y figury geometryczne w oparciu o ,,Bajki o figurach&#8221;. Tworzy\u0142y kompozycj\u0119 z figur geometrycznych wed\u0142ug w\u0142asnego pomys\u0142u oraz wykleja\u0142y numer grupy kulami bibu\u0142y w kolorze ,,grupowego skrzata&#8221;.<\/li>\n<\/ul>\n\n<p>\u00a0<\/p>\n<ul>\n<li><strong>Strefa mierzenia <\/strong><em><\/em>&#8211; bawi\u0142y si\u0119 w parach mierz\u0105c obwody cz\u0119\u015bci cia\u0142a, i zaznaczaj\u0105c wyniki na kartach pracy (wykorzystano graficzny schemat dziecka oraz miarki). Ogl\u0105da\u0142y r\u00f3wnie\u017c filmy edukacyjne: &#8222;Smok Edzio-liczymy&#8221;, &#8222;Bajki Gilusia &#8211; kszta\u0142ty&#8221;, &#8222;Bajki Gilusia -cyfry&#8221;.<\/li>\n<\/ul>\n\n<p>\u00a0<\/p>\n<ul>\n<li><b>Strefa gier<\/b>\u00a0 &#8211; wzi\u0119\u0142y udzia\u0142 w grze zespo\u0142owej pt.: Wielki wy\u015bcig samochodowy&#8221;, oraz bawi\u0142y si\u0119 w gry stolikowe o charakterze matematycznym: domino matematyczne, cyferki, tangram, uk\u0142adam i licz\u0119, sudoku itp.<\/li>\n<\/ul>\n\n<p>\u00a0<\/p>\n<p><strong>Matematyka jest weso\u0142a!<\/strong><\/p>\n<p><b>Zabawa edukacyjna \u201eMatematyka na weso\u0142o\u201d, zosta\u0142a zorganizowana w ramach dobrych praktyk pedagogicznych.<\/b><\/p>\n<p><b>Cele:<\/b><\/p>\n<ul>\n<li><strong>rozwijanie zainteresowania matematyk\u0105;<\/strong><\/li>\n<li><strong>doskonalenie umiej\u0119tno\u015bci matematycznych;<\/strong><\/li>\n<li><strong>zapoznanie dzieci z figurami geometrycznymi;<\/strong><\/li>\n<li><strong>wspieranie wielokierunkowej aktywno\u015bci dziecka poprzez organizacj\u0119 warunk\u00f3w sprzyjaj\u0105cych nabywaniu do\u015bwiadcze\u0144 w ro\u017cnych sferach: poznawczej, emocjonalnej, spo\u0142ecznej i fizycznej;<\/strong><\/li>\n<li><strong>wzmacnianie poczucia warto\u015bci dziecka oraz potrzeby tworzenia relacji osobowych i uczestnictwa w grupie;<\/strong><\/li>\n<li><strong>wsp\u00f3\u0142dzia\u0142anie z ca\u0142\u0105 spo\u0142eczno\u015bci\u0105 przedszkoln\u0105 na rzecz warunk\u00f3w umo\u017cliwiaj\u0105cych rozw\u00f3j to\u017csamo\u015bci dziecka;<\/strong><\/li>\n<li><strong>kreowanie sytuacji prowadz\u0105cych do poznania przez dziecko warto\u015bci i norm spo\u0142ecznych.<\/strong><\/li>\n<\/ul>\n<p>\u00a0<\/p>\n<p><b>Dzi\u0119kujemy za wsp\u00f3ln\u0105 weso\u0142\u0105 zabaw\u0119!<br \/>\n<\/b><\/p>\n<p>\u00a0<\/p>\n","protected":false},"excerpt":{"rendered":"<p>10 marca 2020 \u201eGajowickie Skrzaty\u201d wzi\u0119\u0142y udzia\u0142 w zabawie edukacyjnej pt.: \u201eMatematyka na weso\u0142o\u201d, organizowanej w ramach Dobrych Praktyk Pedagogicznych.<\/p>\n","protected":false},"author":186,"featured_media":23851,"comment_status":"closed","ping_status":"open","sticky":false,"template":"","format":"standard","meta":{"ngg_post_thumbnail":0,"footnotes":""},"categories":[8],"tags":[],"class_list":["post-23850","post","type-post","status-publish","format-standard","has-post-thumbnail","hentry","category-wydarzenia","clearfix"],"_links":{"self":[{"href":"https:\/\/przedszkole61.edu.wroclaw.pl\/index.php\/wp-json\/wp\/v2\/posts\/23850","targetHints":{"allow":["GET"]}}],"collection":[{"href":"https:\/\/przedszkole61.edu.wroclaw.pl\/index.php\/wp-json\/wp\/v2\/posts"}],"about":[{"href":"https:\/\/przedszkole61.edu.wroclaw.pl\/index.php\/wp-json\/wp\/v2\/types\/post"}],"author":[{"embeddable":true,"href":"https:\/\/przedszkole61.edu.wroclaw.pl\/index.php\/wp-json\/wp\/v2\/users\/186"}],"replies":[{"embeddable":true,"href":"https:\/\/przedszkole61.edu.wroclaw.pl\/index.php\/wp-json\/wp\/v2\/comments?post=23850"}],"version-history":[{"count":1,"href":"https:\/\/przedszkole61.edu.wroclaw.pl\/index.php\/wp-json\/wp\/v2\/posts\/23850\/revisions"}],"predecessor-version":[{"id":25028,"href":"https:\/\/przedszkole61.edu.wroclaw.pl\/index.php\/wp-json\/wp\/v2\/posts\/23850\/revisions\/25028"}],"wp:featuredmedia":[{"embeddable":true,"href":"https:\/\/przedszkole61.edu.wroclaw.pl\/index.php\/wp-json\/wp\/v2\/media\/23851"}],"wp:attachment":[{"href":"https:\/\/przedszkole61.edu.wroclaw.pl\/index.php\/wp-json\/wp\/v2\/media?parent=23850"}],"wp:term":[{"taxonomy":"category","embeddable":true,"href":"https:\/\/przedszkole61.edu.wroclaw.pl\/index.php\/wp-json\/wp\/v2\/categories?post=23850"},{"taxonomy":"post_tag","embeddable":true,"href":"https:\/\/przedszkole61.edu.wroclaw.pl\/index.php\/wp-json\/wp\/v2\/tags?post=23850"}],"curies":[{"name":"wp","href":"https:\/\/api.w.org\/{rel}","templated":true}]}}