
{"id":23873,"date":"2020-04-05T00:00:00","date_gmt":"2020-04-04T22:00:00","guid":{"rendered":"https:\/\/przedszkole61.edu.wroclaw.pl\/index.php\/2020\/04\/05\/rysunek-dla-bohaterow\/"},"modified":"2021-04-02T13:33:19","modified_gmt":"2021-04-02T11:33:19","slug":"rysunek-dla-bohaterow","status":"publish","type":"post","link":"https:\/\/przedszkole61.edu.wroclaw.pl\/index.php\/2020\/04\/05\/rysunek-dla-bohaterow\/","title":{"rendered":"Rysunek dla Bohater\u00f3w"},"content":{"rendered":"<p><strong>Gajowickie Skrzaty<\/strong> w\u0142\u0105czy\u0142y si\u0119 w akcj\u0119 spo\u0142eczn\u0105 pt.: \u201eRysunek dla Bohater\u00f3w\u201d, zaproponowan\u0105 przez policjanta Pana Micha\u0142a Kurdziela. Kolorowe obrazki, laurki, serduszka, \u2026 wykonane przez dzieci s\u0105 dla wszystkich, kt\u00f3rzy troszcz\u0105 si\u0119 o nasze bezpiecze\u0144stwo podczas zagro\u017cenia epidemicznego; dla wszystkich pracuj\u0105cych w sklepach, kierowc\u00f3w autobus\u00f3w, wywo\u017c\u0105cych \u015bmieci i wielu innych; dla wszystkich, kt\u00f3rzy nie mog\u0105 zosta\u0107 w domu, bo obowi\u0105zki im na to nie pozwalaj\u0105 i codziennie do pracy si\u0119 stawiaj\u0105&#8230; <strong>Dzi\u0119kujemy Wam!<\/strong><\/p>\n<p><strong>Zapraszamy do Galerii &#8222;Rysunek dla Bohater\u00f3w&#8221;<\/strong><!--more--><\/p>\n<p>\u00a0<\/p>\n\n","protected":false},"excerpt":{"rendered":"<p>Gajowickie Skrzaty w\u0142\u0105czy\u0142y si\u0119 w akcj\u0119 spo\u0142eczn\u0105 pt.: \u201eRysunek dla Bohater\u00f3w\u201d, zaproponowan\u0105 przez policjanta Pana Micha\u0142a Kurdziela. Kolorowe obrazki, laurki, serduszka, \u2026 wykonane przez dzieci s\u0105 dla wszystkich, kt\u00f3rzy troszcz\u0105 [&hellip;]<\/p>\n","protected":false},"author":186,"featured_media":23874,"comment_status":"closed","ping_status":"open","sticky":false,"template":"","format":"standard","meta":{"ngg_post_thumbnail":0,"footnotes":""},"categories":[8],"tags":[],"class_list":["post-23873","post","type-post","status-publish","format-standard","has-post-thumbnail","hentry","category-wydarzenia","clearfix"],"_links":{"self":[{"href":"https:\/\/przedszkole61.edu.wroclaw.pl\/index.php\/wp-json\/wp\/v2\/posts\/23873","targetHints":{"allow":["GET"]}}],"collection":[{"href":"https:\/\/przedszkole61.edu.wroclaw.pl\/index.php\/wp-json\/wp\/v2\/posts"}],"about":[{"href":"https:\/\/przedszkole61.edu.wroclaw.pl\/index.php\/wp-json\/wp\/v2\/types\/post"}],"author":[{"embeddable":true,"href":"https:\/\/przedszkole61.edu.wroclaw.pl\/index.php\/wp-json\/wp\/v2\/users\/186"}],"replies":[{"embeddable":true,"href":"https:\/\/przedszkole61.edu.wroclaw.pl\/index.php\/wp-json\/wp\/v2\/comments?post=23873"}],"version-history":[{"count":1,"href":"https:\/\/przedszkole61.edu.wroclaw.pl\/index.php\/wp-json\/wp\/v2\/posts\/23873\/revisions"}],"predecessor-version":[{"id":25030,"href":"https:\/\/przedszkole61.edu.wroclaw.pl\/index.php\/wp-json\/wp\/v2\/posts\/23873\/revisions\/25030"}],"wp:featuredmedia":[{"embeddable":true,"href":"https:\/\/przedszkole61.edu.wroclaw.pl\/index.php\/wp-json\/wp\/v2\/media\/23874"}],"wp:attachment":[{"href":"https:\/\/przedszkole61.edu.wroclaw.pl\/index.php\/wp-json\/wp\/v2\/media?parent=23873"}],"wp:term":[{"taxonomy":"category","embeddable":true,"href":"https:\/\/przedszkole61.edu.wroclaw.pl\/index.php\/wp-json\/wp\/v2\/categories?post=23873"},{"taxonomy":"post_tag","embeddable":true,"href":"https:\/\/przedszkole61.edu.wroclaw.pl\/index.php\/wp-json\/wp\/v2\/tags?post=23873"}],"curies":[{"name":"wp","href":"https:\/\/api.w.org\/{rel}","templated":true}]}}