
{"id":23879,"date":"2020-05-30T00:00:00","date_gmt":"2020-05-29T22:00:00","guid":{"rendered":"https:\/\/przedszkole61.edu.wroclaw.pl\/index.php\/2020\/05\/30\/zostan-w-domu-czytaj-ksiazki\/"},"modified":"2021-04-13T11:32:53","modified_gmt":"2021-04-13T09:32:53","slug":"zostan-w-domu-czytaj-ksiazki","status":"publish","type":"post","link":"https:\/\/przedszkole61.edu.wroclaw.pl\/index.php\/2020\/05\/30\/zostan-w-domu-czytaj-ksiazki\/","title":{"rendered":"#zosta\u0144 w domu #czytaj ksi\u0105\u017cki"},"content":{"rendered":"<div class=\"wpb-content-wrapper\"><p>[vc_row][vc_column][vc_column_text]<strong>#zosta\u0144wdomu #czytajksi\u0105\u017cki.<\/strong> Prezydent Wroc\u0142awia Pan Jacek Sutryk w czasie epidemii koronawirusa spotyka si\u0119 online z przedszkolakami \u2013 czyta im bajki.<\/p>\n<p><strong>30 maja 2020 <\/strong>wsp\u00f3lnie z kotem Wrockiem, przed czytan\u0105 bajk\u0105 Pan Prezydent prezentowa\u0142 rysunki Gajowickich Skrzat\u00f3w: Elizy, Marysi, Zuzi, Kuby, Tytusa i Witka. <strong>Zapraszamy do obejrzenia relacji z tego wydarzenia: <a href=\"https:\/\/www.facebook.com\/sutrykjacek\/?__cft__%5b0%5d=AZX_kQrixyGEYvcQ0g7h8QtAgFaUS8V5xY41r6gO2hptOkmcz5BJ1rkeTQu0XIeW5uyQ4yYsHxqE1prYGilqnsl109jI-4ujbwmJh0wb8CvQCPHPNn1DGYMHlHl6-nb8vKXsus1XrU_ZB108B4AppTOvDInfzpYPnQdpT5RLsfdsMKneH1q1qHwgkv20w1kzzcU&amp;__tn__=kC%2CP-R\">Pan Prezydent czyta bajki przedszkolakom<\/a><\/strong>[\/vc_column_text][\/vc_column][\/vc_row][vc_row][vc_column][vc_media_grid grid_id=&#8221;vc_gid:1618306307527-c86da426-f804-6&#8243; include=&#8221;23880,23875,23881,23887,23886,23883,23884,23885,23888&#8243;][\/vc_column][\/vc_row]<\/p>\n<\/div>","protected":false},"excerpt":{"rendered":"<p>[vc_row][vc_column][vc_column_text]#zosta\u0144wdomu #czytajksi\u0105\u017cki. Prezydent Wroc\u0142awia Pan Jacek Sutryk w czasie epidemii koronawirusa spotyka si\u0119 online z przedszkolakami \u2013 czyta im bajki. 30 maja 2020 wsp\u00f3lnie z kotem Wrockiem, przed czytan\u0105 bajk\u0105 [&hellip;]<\/p>\n","protected":false},"author":187,"featured_media":23880,"comment_status":"closed","ping_status":"open","sticky":false,"template":"","format":"standard","meta":{"ngg_post_thumbnail":0,"footnotes":""},"categories":[8],"tags":[],"class_list":["post-23879","post","type-post","status-publish","format-standard","has-post-thumbnail","hentry","category-wydarzenia","clearfix"],"_links":{"self":[{"href":"https:\/\/przedszkole61.edu.wroclaw.pl\/index.php\/wp-json\/wp\/v2\/posts\/23879","targetHints":{"allow":["GET"]}}],"collection":[{"href":"https:\/\/przedszkole61.edu.wroclaw.pl\/index.php\/wp-json\/wp\/v2\/posts"}],"about":[{"href":"https:\/\/przedszkole61.edu.wroclaw.pl\/index.php\/wp-json\/wp\/v2\/types\/post"}],"author":[{"embeddable":true,"href":"https:\/\/przedszkole61.edu.wroclaw.pl\/index.php\/wp-json\/wp\/v2\/users\/187"}],"replies":[{"embeddable":true,"href":"https:\/\/przedszkole61.edu.wroclaw.pl\/index.php\/wp-json\/wp\/v2\/comments?post=23879"}],"version-history":[{"count":3,"href":"https:\/\/przedszkole61.edu.wroclaw.pl\/index.php\/wp-json\/wp\/v2\/posts\/23879\/revisions"}],"predecessor-version":[{"id":25229,"href":"https:\/\/przedszkole61.edu.wroclaw.pl\/index.php\/wp-json\/wp\/v2\/posts\/23879\/revisions\/25229"}],"wp:featuredmedia":[{"embeddable":true,"href":"https:\/\/przedszkole61.edu.wroclaw.pl\/index.php\/wp-json\/wp\/v2\/media\/23880"}],"wp:attachment":[{"href":"https:\/\/przedszkole61.edu.wroclaw.pl\/index.php\/wp-json\/wp\/v2\/media?parent=23879"}],"wp:term":[{"taxonomy":"category","embeddable":true,"href":"https:\/\/przedszkole61.edu.wroclaw.pl\/index.php\/wp-json\/wp\/v2\/categories?post=23879"},{"taxonomy":"post_tag","embeddable":true,"href":"https:\/\/przedszkole61.edu.wroclaw.pl\/index.php\/wp-json\/wp\/v2\/tags?post=23879"}],"curies":[{"name":"wp","href":"https:\/\/api.w.org\/{rel}","templated":true}]}}