
{"id":23891,"date":"2020-09-14T00:00:00","date_gmt":"2020-09-13T22:00:00","guid":{"rendered":"https:\/\/przedszkole61.edu.wroclaw.pl\/index.php\/2020\/09\/14\/poznajemy-swiat-pajakow-warsztaty-przyrodnicze\/"},"modified":"2021-04-13T11:30:12","modified_gmt":"2021-04-13T09:30:12","slug":"poznajemy-swiat-pajakow-warsztaty-przyrodnicze","status":"publish","type":"post","link":"https:\/\/przedszkole61.edu.wroclaw.pl\/index.php\/2020\/09\/14\/poznajemy-swiat-pajakow-warsztaty-przyrodnicze\/","title":{"rendered":"&#8222;Poznajemy \u015bwiat paj\u0105k\u00f3w&#8221; &#8211; warsztaty przyrodnicze"},"content":{"rendered":"<div class=\"wpb-content-wrapper\"><p>[vc_row][vc_column][vc_column_text]<strong>11 wrze\u015bnia 2020 <\/strong>we wszystkich grupach wiekowych odby\u0142y si\u0119 warsztaty przyrodnicze z cyklu Przyroda i Ja &#8211; &#8222;Paj\u0105k m\u00f3j przyjaciel czy wr\u00f3g? Poznajemy \u015bwiat paj\u0105k\u00f3w&#8221;.<!--more--><\/p>\n<p><strong>Zaj\u0119cia mia\u0142y na celu oswojenie dzieci z paj\u0105kami i ukazanie niezwykle po\u017cytecznej funkcji spe\u0142nianej przez te zwierz\u0119ta w przyrodzie. Na ogromnej kolekcji okaz\u00f3w zatopionych w \u017cywicy dzieci pozna\u0142y budow\u0119 cia\u0142a paj\u0105k\u00f3w, aby przekona\u0107 si\u0119, \u017ce s\u0105 wyj\u0105tkowe i wyr\u00f3\u017cniaj\u0105 si\u0119 na tle innych zwierz\u0105t wieloma cechami. Wsp\u00f3lnie dokona\u0142y por\u00f3wnania przedstawicieli najbardziej popularnych paj\u0105k\u00f3w, r\u00f3wnie\u017c tych, kt\u00f3re mo\u017cemy spotka\u0107 w naszym otoczeniu. Dzieci dowiedzia\u0142y si\u0119 w jaki spos\u00f3b i w jakim celu paj\u0105ki tworz\u0105 paj\u0119czyny. Pozna\u0142y najciekawsze techniki \u0142owieckie. Przekona\u0142y si\u0119 jak trudno jest uple\u015b\u0107 paj\u0119cz\u0105 sie\u0107 i dlaczego jest ona jedynym z najbardziej wytrzyma\u0142ych i jednocze\u015bnie najbardziej elastycznych materia\u0142\u00f3w wyst\u0119puj\u0105cych w \u015bwiecie przyrody oraz do czego mo\u017ce by\u0107 wykorzystywana przez ludzi.<\/strong>[\/vc_column_text][\/vc_column][\/vc_row][vc_row][vc_column][vc_media_grid grid_id=&#8221;vc_gid:1618306086983-dbb98eed-6bba-3&#8243; include=&#8221;23908,23903,23899,23895,23896,23894,23897,23898,23907,23905,23904,23901,23892&#8243;][\/vc_column][\/vc_row]<\/p>\n<\/div>","protected":false},"excerpt":{"rendered":"<p>[vc_row][vc_column][vc_column_text]11 wrze\u015bnia 2020 we wszystkich grupach wiekowych odby\u0142y si\u0119 warsztaty przyrodnicze z cyklu Przyroda i Ja &#8211; &#8222;Paj\u0105k m\u00f3j przyjaciel czy wr\u00f3g? Poznajemy \u015bwiat paj\u0105k\u00f3w&#8221;.<\/p>\n","protected":false},"author":186,"featured_media":23892,"comment_status":"closed","ping_status":"open","sticky":false,"template":"","format":"standard","meta":{"ngg_post_thumbnail":0,"footnotes":""},"categories":[8],"tags":[],"class_list":["post-23891","post","type-post","status-publish","format-standard","has-post-thumbnail","hentry","category-wydarzenia","clearfix"],"_links":{"self":[{"href":"https:\/\/przedszkole61.edu.wroclaw.pl\/index.php\/wp-json\/wp\/v2\/posts\/23891","targetHints":{"allow":["GET"]}}],"collection":[{"href":"https:\/\/przedszkole61.edu.wroclaw.pl\/index.php\/wp-json\/wp\/v2\/posts"}],"about":[{"href":"https:\/\/przedszkole61.edu.wroclaw.pl\/index.php\/wp-json\/wp\/v2\/types\/post"}],"author":[{"embeddable":true,"href":"https:\/\/przedszkole61.edu.wroclaw.pl\/index.php\/wp-json\/wp\/v2\/users\/186"}],"replies":[{"embeddable":true,"href":"https:\/\/przedszkole61.edu.wroclaw.pl\/index.php\/wp-json\/wp\/v2\/comments?post=23891"}],"version-history":[{"count":3,"href":"https:\/\/przedszkole61.edu.wroclaw.pl\/index.php\/wp-json\/wp\/v2\/posts\/23891\/revisions"}],"predecessor-version":[{"id":25227,"href":"https:\/\/przedszkole61.edu.wroclaw.pl\/index.php\/wp-json\/wp\/v2\/posts\/23891\/revisions\/25227"}],"wp:featuredmedia":[{"embeddable":true,"href":"https:\/\/przedszkole61.edu.wroclaw.pl\/index.php\/wp-json\/wp\/v2\/media\/23892"}],"wp:attachment":[{"href":"https:\/\/przedszkole61.edu.wroclaw.pl\/index.php\/wp-json\/wp\/v2\/media?parent=23891"}],"wp:term":[{"taxonomy":"category","embeddable":true,"href":"https:\/\/przedszkole61.edu.wroclaw.pl\/index.php\/wp-json\/wp\/v2\/categories?post=23891"},{"taxonomy":"post_tag","embeddable":true,"href":"https:\/\/przedszkole61.edu.wroclaw.pl\/index.php\/wp-json\/wp\/v2\/tags?post=23891"}],"curies":[{"name":"wp","href":"https:\/\/api.w.org\/{rel}","templated":true}]}}