
{"id":23902,"date":"2020-09-27T00:00:00","date_gmt":"2020-09-26T22:00:00","guid":{"rendered":"https:\/\/przedszkole61.edu.wroclaw.pl\/index.php\/2020\/09\/27\/poznajemy-swiat-ptakow-warsztaty-przyrodnicze\/"},"modified":"2021-04-13T11:22:25","modified_gmt":"2021-04-13T09:22:25","slug":"poznajemy-swiat-ptakow-warsztaty-przyrodnicze","status":"publish","type":"post","link":"https:\/\/przedszkole61.edu.wroclaw.pl\/index.php\/2020\/09\/27\/poznajemy-swiat-ptakow-warsztaty-przyrodnicze\/","title":{"rendered":"&#8222;Poznajemy \u015bwiat ptak\u00f3w&#8221;- warsztaty przyrodnicze"},"content":{"rendered":"<div class=\"wpb-content-wrapper\"><p>[vc_row][vc_column][vc_column_text]<\/p>\n<p style=\"text-align: left;\"><strong>25 wrze\u015bnia 2020<\/strong> Gajowickie Skrzaty uczestniczy\u0142y w warsztatach z cyklu Przyroda i Ja &#8211; &#8222;Poznajemy \u015bwiat ptak\u00f3w. Sztuczki i fortele skrzydlatego \u015bwiata&#8221;.<\/p>\n<p style=\"text-align: left;\">W trakcie zaj\u0119\u0107 dzieci pozna\u0142y r\u00f3\u017cne gatunki ptak\u00f3w oraz cechy ich budowy zewn\u0119trznej umo\u017cliwiaj\u0105ce aktywny lot czy przystosowanie do zdobywania pokarmu. Pozna\u0142y \u017cycie ptaka od jego narodzin, przez dorastanie, a\u017c\u0307 po podj\u0119cie niezwyk\u0142ej jesiennej migracji. Dzieci zobaczy\u0142y jak wygl\u0105da codzienno\u015b\u0107, kt\u00f3ra ka\u017cdego dnia stawia przed ptakami liczne wyzwania. Nauczy\u0142y si\u0119 rozpoznawa\u0107 odg\u0142osy wydawane przez ptaki naszego miasta, a tak\u017ce pozna\u0142y ich zwyczaje.<\/p>\n<p>[\/vc_column_text][\/vc_column][\/vc_row][vc_row][vc_column][vc_media_grid grid_id=&#8221;vc_gid:1618305675053-a55e877d-dd36-0&#8243; include=&#8221;23913,23914,23912,23909,23910,23911,23906,23908,23907,23905,23904&#8243;][\/vc_column][\/vc_row]<\/p>\n<\/div>","protected":false},"excerpt":{"rendered":"<p>[vc_row][vc_column][vc_column_text] 25 wrze\u015bnia 2020 Gajowickie Skrzaty uczestniczy\u0142y w warsztatach z cyklu Przyroda i Ja &#8211; &#8222;Poznajemy \u015bwiat ptak\u00f3w. Sztuczki i fortele skrzydlatego \u015bwiata&#8221;. W trakcie zaj\u0119\u0107 dzieci pozna\u0142y r\u00f3\u017cne gatunki [&hellip;]<\/p>\n","protected":false},"author":186,"featured_media":23903,"comment_status":"closed","ping_status":"open","sticky":false,"template":"","format":"standard","meta":{"ngg_post_thumbnail":0,"footnotes":""},"categories":[8],"tags":[],"class_list":["post-23902","post","type-post","status-publish","format-standard","has-post-thumbnail","hentry","category-wydarzenia","clearfix"],"_links":{"self":[{"href":"https:\/\/przedszkole61.edu.wroclaw.pl\/index.php\/wp-json\/wp\/v2\/posts\/23902","targetHints":{"allow":["GET"]}}],"collection":[{"href":"https:\/\/przedszkole61.edu.wroclaw.pl\/index.php\/wp-json\/wp\/v2\/posts"}],"about":[{"href":"https:\/\/przedszkole61.edu.wroclaw.pl\/index.php\/wp-json\/wp\/v2\/types\/post"}],"author":[{"embeddable":true,"href":"https:\/\/przedszkole61.edu.wroclaw.pl\/index.php\/wp-json\/wp\/v2\/users\/186"}],"replies":[{"embeddable":true,"href":"https:\/\/przedszkole61.edu.wroclaw.pl\/index.php\/wp-json\/wp\/v2\/comments?post=23902"}],"version-history":[{"count":3,"href":"https:\/\/przedszkole61.edu.wroclaw.pl\/index.php\/wp-json\/wp\/v2\/posts\/23902\/revisions"}],"predecessor-version":[{"id":25223,"href":"https:\/\/przedszkole61.edu.wroclaw.pl\/index.php\/wp-json\/wp\/v2\/posts\/23902\/revisions\/25223"}],"wp:featuredmedia":[{"embeddable":true,"href":"https:\/\/przedszkole61.edu.wroclaw.pl\/index.php\/wp-json\/wp\/v2\/media\/23903"}],"wp:attachment":[{"href":"https:\/\/przedszkole61.edu.wroclaw.pl\/index.php\/wp-json\/wp\/v2\/media?parent=23902"}],"wp:term":[{"taxonomy":"category","embeddable":true,"href":"https:\/\/przedszkole61.edu.wroclaw.pl\/index.php\/wp-json\/wp\/v2\/categories?post=23902"},{"taxonomy":"post_tag","embeddable":true,"href":"https:\/\/przedszkole61.edu.wroclaw.pl\/index.php\/wp-json\/wp\/v2\/tags?post=23902"}],"curies":[{"name":"wp","href":"https:\/\/api.w.org\/{rel}","templated":true}]}}