
{"id":23915,"date":"2020-10-07T00:00:00","date_gmt":"2020-10-06T22:00:00","guid":{"rendered":"https:\/\/przedszkole61.edu.wroclaw.pl\/index.php\/2020\/10\/07\/wielka-wystawa-dyn\/"},"modified":"2021-04-13T11:20:32","modified_gmt":"2021-04-13T09:20:32","slug":"wielka-wystawa-dyn","status":"publish","type":"post","link":"https:\/\/przedszkole61.edu.wroclaw.pl\/index.php\/2020\/10\/07\/wielka-wystawa-dyn\/","title":{"rendered":"Wielka Wystawa Dy\u0144"},"content":{"rendered":"<div class=\"wpb-content-wrapper\"><p>[vc_row][vc_column][vc_column_text]<strong>28 wrze\u015bnia 2020<\/strong> w przedszkolu zosta\u0142a otwarta Wielka Wystawa Dy\u0144, na kt\u00f3rej zaprezentowano prawdziwe dyniowe dzie\u0142a sztuki wykonane przez dzieci wsp\u00f3lnie z rodzicami. W dow\u00f3d uznania, ka\u017cdy uczestnik dyniowej wystawy otrzyma\u0142 pami\u0105tkowy dyplom i niespodziank\u0119.<\/p>\n<p><strong>Dzi\u0119kujemy Dzieciom i Rodzicom za udzia\u0142 w wystawie. Gratulujemy ciekawych i kreatywnych pomys\u0142\u00f3w! <\/strong><\/p>\n<p><strong>Zapraszamy do obejrzenia wystawy w Galerii &#8222;Pod chmurk\u0105&#8221; (schody przed g\u0142\u00f3wnym wej\u015bciem do budynku) oraz na naszej stronie internetowej.<br \/>\n<\/strong>[\/vc_column_text][\/vc_column][\/vc_row][vc_row][vc_column][vc_media_grid grid_id=&#8221;vc_gid:1618305600203-4386aaf0-b5e0-9&#8243; include=&#8221;23920,23921,23923,23922,23918,23916,23917&#8243;][\/vc_column][\/vc_row]<\/p>\n<\/div>","protected":false},"excerpt":{"rendered":"<p>[vc_row][vc_column][vc_column_text]28 wrze\u015bnia 2020 w przedszkolu zosta\u0142a otwarta Wielka Wystawa Dy\u0144, na kt\u00f3rej zaprezentowano prawdziwe dyniowe dzie\u0142a sztuki wykonane przez dzieci wsp\u00f3lnie z rodzicami. W dow\u00f3d uznania, ka\u017cdy uczestnik dyniowej wystawy [&hellip;]<\/p>\n","protected":false},"author":186,"featured_media":23916,"comment_status":"closed","ping_status":"open","sticky":false,"template":"","format":"standard","meta":{"ngg_post_thumbnail":0,"footnotes":""},"categories":[8],"tags":[],"class_list":["post-23915","post","type-post","status-publish","format-standard","has-post-thumbnail","hentry","category-wydarzenia","clearfix"],"_links":{"self":[{"href":"https:\/\/przedszkole61.edu.wroclaw.pl\/index.php\/wp-json\/wp\/v2\/posts\/23915","targetHints":{"allow":["GET"]}}],"collection":[{"href":"https:\/\/przedszkole61.edu.wroclaw.pl\/index.php\/wp-json\/wp\/v2\/posts"}],"about":[{"href":"https:\/\/przedszkole61.edu.wroclaw.pl\/index.php\/wp-json\/wp\/v2\/types\/post"}],"author":[{"embeddable":true,"href":"https:\/\/przedszkole61.edu.wroclaw.pl\/index.php\/wp-json\/wp\/v2\/users\/186"}],"replies":[{"embeddable":true,"href":"https:\/\/przedszkole61.edu.wroclaw.pl\/index.php\/wp-json\/wp\/v2\/comments?post=23915"}],"version-history":[{"count":2,"href":"https:\/\/przedszkole61.edu.wroclaw.pl\/index.php\/wp-json\/wp\/v2\/posts\/23915\/revisions"}],"predecessor-version":[{"id":25221,"href":"https:\/\/przedszkole61.edu.wroclaw.pl\/index.php\/wp-json\/wp\/v2\/posts\/23915\/revisions\/25221"}],"wp:featuredmedia":[{"embeddable":true,"href":"https:\/\/przedszkole61.edu.wroclaw.pl\/index.php\/wp-json\/wp\/v2\/media\/23916"}],"wp:attachment":[{"href":"https:\/\/przedszkole61.edu.wroclaw.pl\/index.php\/wp-json\/wp\/v2\/media?parent=23915"}],"wp:term":[{"taxonomy":"category","embeddable":true,"href":"https:\/\/przedszkole61.edu.wroclaw.pl\/index.php\/wp-json\/wp\/v2\/categories?post=23915"},{"taxonomy":"post_tag","embeddable":true,"href":"https:\/\/przedszkole61.edu.wroclaw.pl\/index.php\/wp-json\/wp\/v2\/tags?post=23915"}],"curies":[{"name":"wp","href":"https:\/\/api.w.org\/{rel}","templated":true}]}}