
{"id":23924,"date":"2020-10-08T00:00:00","date_gmt":"2020-10-07T22:00:00","guid":{"rendered":"https:\/\/przedszkole61.edu.wroclaw.pl\/index.php\/2020\/10\/08\/swietujemy-dzien-chlopaka-2\/"},"modified":"2021-04-13T11:19:11","modified_gmt":"2021-04-13T09:19:11","slug":"swietujemy-dzien-chlopaka-2","status":"publish","type":"post","link":"https:\/\/przedszkole61.edu.wroclaw.pl\/index.php\/2020\/10\/08\/swietujemy-dzien-chlopaka-2\/","title":{"rendered":"\u015awi\u0119tujemy Dzie\u0144 Ch\u0142opaka"},"content":{"rendered":"<div class=\"wpb-content-wrapper\"><p>[vc_row][vc_column][vc_column_text]<strong>30 wrze\u015bnia 2020<\/strong> Gajowickie Skrzaty \u015bwi\u0119towa\u0142y Dzie\u0144 Ch\u0142opaka. Z tej okazji wszyscy ch\u0142opcy otrzymali krawaty Super Ch\u0142opaka. <strong>Wszystkiego najlepszego ch\u0142opaki &#8211; przedszkolaki!<\/strong><\/p>\n<p><img decoding=\"async\" title=\"gallery link=\" src=\"https:\/\/przedszkole61.edu.wroclaw.pl\/wp-content\/uploads\/sites\/58\/2021\/04\/t.gif\" alt=\"\">[\/vc_column_text][\/vc_column][\/vc_row][vc_row][vc_column][vc_media_grid grid_id=&#8221;vc_gid:1618305511625-753ea380-7708-7&#8243; include=&#8221;23913,23914,23912&#8243;][\/vc_column][\/vc_row]<\/p>\n<\/div>","protected":false},"excerpt":{"rendered":"<p>[vc_row][vc_column][vc_column_text]30 wrze\u015bnia 2020 Gajowickie Skrzaty \u015bwi\u0119towa\u0142y Dzie\u0144 Ch\u0142opaka. Z tej okazji wszyscy ch\u0142opcy otrzymali krawaty Super Ch\u0142opaka. Wszystkiego najlepszego ch\u0142opaki &#8211; przedszkolaki! [\/vc_column_text][\/vc_column][\/vc_row][vc_row][vc_column][vc_media_grid grid_id=&#8221;vc_gid:1618305511625-753ea380-7708-7&#8243; include=&#8221;23913,23914,23912&#8243;][\/vc_column][\/vc_row]<\/p>\n","protected":false},"author":186,"featured_media":23925,"comment_status":"closed","ping_status":"open","sticky":false,"template":"","format":"standard","meta":{"ngg_post_thumbnail":0,"footnotes":""},"categories":[8],"tags":[],"class_list":["post-23924","post","type-post","status-publish","format-standard","has-post-thumbnail","hentry","category-wydarzenia","clearfix"],"_links":{"self":[{"href":"https:\/\/przedszkole61.edu.wroclaw.pl\/index.php\/wp-json\/wp\/v2\/posts\/23924","targetHints":{"allow":["GET"]}}],"collection":[{"href":"https:\/\/przedszkole61.edu.wroclaw.pl\/index.php\/wp-json\/wp\/v2\/posts"}],"about":[{"href":"https:\/\/przedszkole61.edu.wroclaw.pl\/index.php\/wp-json\/wp\/v2\/types\/post"}],"author":[{"embeddable":true,"href":"https:\/\/przedszkole61.edu.wroclaw.pl\/index.php\/wp-json\/wp\/v2\/users\/186"}],"replies":[{"embeddable":true,"href":"https:\/\/przedszkole61.edu.wroclaw.pl\/index.php\/wp-json\/wp\/v2\/comments?post=23924"}],"version-history":[{"count":2,"href":"https:\/\/przedszkole61.edu.wroclaw.pl\/index.php\/wp-json\/wp\/v2\/posts\/23924\/revisions"}],"predecessor-version":[{"id":25220,"href":"https:\/\/przedszkole61.edu.wroclaw.pl\/index.php\/wp-json\/wp\/v2\/posts\/23924\/revisions\/25220"}],"wp:featuredmedia":[{"embeddable":true,"href":"https:\/\/przedszkole61.edu.wroclaw.pl\/index.php\/wp-json\/wp\/v2\/media\/23925"}],"wp:attachment":[{"href":"https:\/\/przedszkole61.edu.wroclaw.pl\/index.php\/wp-json\/wp\/v2\/media?parent=23924"}],"wp:term":[{"taxonomy":"category","embeddable":true,"href":"https:\/\/przedszkole61.edu.wroclaw.pl\/index.php\/wp-json\/wp\/v2\/categories?post=23924"},{"taxonomy":"post_tag","embeddable":true,"href":"https:\/\/przedszkole61.edu.wroclaw.pl\/index.php\/wp-json\/wp\/v2\/tags?post=23924"}],"curies":[{"name":"wp","href":"https:\/\/api.w.org\/{rel}","templated":true}]}}