
{"id":24005,"date":"2020-11-25T00:00:00","date_gmt":"2020-11-24T23:00:00","guid":{"rendered":"https:\/\/przedszkole61.edu.wroclaw.pl\/index.php\/2020\/11\/25\/dzien-pluszowego-misia\/"},"modified":"2021-04-13T11:00:38","modified_gmt":"2021-04-13T09:00:38","slug":"dzien-pluszowego-misia","status":"publish","type":"post","link":"https:\/\/przedszkole61.edu.wroclaw.pl\/index.php\/2020\/11\/25\/dzien-pluszowego-misia\/","title":{"rendered":"\u015awi\u0119to Pluszowego Misia"},"content":{"rendered":"<div class=\"wpb-content-wrapper\"><p>[vc_row][vc_column][vc_column_text]<strong>25 listopada 2020<\/strong> z okazji \u015awi\u0119ta Pluszowego Misia \u015bpiewali\u015bmy misiowe piosenki, rysowali\u015bmy portrety swoich ulubie\u0144c\u00f3w oraz na kr\u00f3tk\u0105 chwil\u0119 zamienili\u015bmy si\u0119 w misie pozuj\u0105c do zdj\u0119cia w misiowej fotobudce. <strong>Wszyscy kochamy pluszowe misie!<\/strong>[\/vc_column_text][\/vc_column][\/vc_row][vc_row][vc_column][vc_media_grid grid_id=&#8221;vc_gid:1618304261677-d2611f7d-045c-0&#8243; include=&#8221;24010,24011,24012,24009,24008,24006,24007&#8243;][\/vc_column][\/vc_row]<\/p>\n<\/div>","protected":false},"excerpt":{"rendered":"<p>[vc_row][vc_column][vc_column_text]25 listopada 2020 z okazji \u015awi\u0119ta Pluszowego Misia \u015bpiewali\u015bmy misiowe piosenki, rysowali\u015bmy portrety swoich ulubie\u0144c\u00f3w oraz na kr\u00f3tk\u0105 chwil\u0119 zamienili\u015bmy si\u0119 w misie pozuj\u0105c do zdj\u0119cia w misiowej fotobudce. Wszyscy [&hellip;]<\/p>\n","protected":false},"author":186,"featured_media":24006,"comment_status":"closed","ping_status":"open","sticky":false,"template":"","format":"standard","meta":{"ngg_post_thumbnail":0,"footnotes":""},"categories":[8],"tags":[],"class_list":["post-24005","post","type-post","status-publish","format-standard","has-post-thumbnail","hentry","category-wydarzenia","clearfix"],"_links":{"self":[{"href":"https:\/\/przedszkole61.edu.wroclaw.pl\/index.php\/wp-json\/wp\/v2\/posts\/24005","targetHints":{"allow":["GET"]}}],"collection":[{"href":"https:\/\/przedszkole61.edu.wroclaw.pl\/index.php\/wp-json\/wp\/v2\/posts"}],"about":[{"href":"https:\/\/przedszkole61.edu.wroclaw.pl\/index.php\/wp-json\/wp\/v2\/types\/post"}],"author":[{"embeddable":true,"href":"https:\/\/przedszkole61.edu.wroclaw.pl\/index.php\/wp-json\/wp\/v2\/users\/186"}],"replies":[{"embeddable":true,"href":"https:\/\/przedszkole61.edu.wroclaw.pl\/index.php\/wp-json\/wp\/v2\/comments?post=24005"}],"version-history":[{"count":2,"href":"https:\/\/przedszkole61.edu.wroclaw.pl\/index.php\/wp-json\/wp\/v2\/posts\/24005\/revisions"}],"predecessor-version":[{"id":25206,"href":"https:\/\/przedszkole61.edu.wroclaw.pl\/index.php\/wp-json\/wp\/v2\/posts\/24005\/revisions\/25206"}],"wp:featuredmedia":[{"embeddable":true,"href":"https:\/\/przedszkole61.edu.wroclaw.pl\/index.php\/wp-json\/wp\/v2\/media\/24006"}],"wp:attachment":[{"href":"https:\/\/przedszkole61.edu.wroclaw.pl\/index.php\/wp-json\/wp\/v2\/media?parent=24005"}],"wp:term":[{"taxonomy":"category","embeddable":true,"href":"https:\/\/przedszkole61.edu.wroclaw.pl\/index.php\/wp-json\/wp\/v2\/categories?post=24005"},{"taxonomy":"post_tag","embeddable":true,"href":"https:\/\/przedszkole61.edu.wroclaw.pl\/index.php\/wp-json\/wp\/v2\/tags?post=24005"}],"curies":[{"name":"wp","href":"https:\/\/api.w.org\/{rel}","templated":true}]}}