
{"id":24073,"date":"2020-12-14T00:00:00","date_gmt":"2020-12-13T23:00:00","guid":{"rendered":"https:\/\/przedszkole61.edu.wroclaw.pl\/index.php\/2020\/12\/14\/ozdoba-choinkowa-z-nieuzytkow-swiateczne-wyzwanie-ekologiczne\/"},"modified":"2021-04-13T10:45:00","modified_gmt":"2021-04-13T08:45:00","slug":"ozdoba-choinkowa-z-nieuzytkow-swiateczne-wyzwanie-ekologiczne","status":"publish","type":"post","link":"https:\/\/przedszkole61.edu.wroclaw.pl\/index.php\/2020\/12\/14\/ozdoba-choinkowa-z-nieuzytkow-swiateczne-wyzwanie-ekologiczne\/","title":{"rendered":"&#8222;Ozdoba choinkowa z nieu\u017cytk\u00f3w&#8221; &#8211; \u015bwi\u0105teczne wyzwanie ekologiczne"},"content":{"rendered":"<div class=\"wpb-content-wrapper\"><p>[vc_row][vc_column][vc_column_text]<strong>14 grudnia 2020<\/strong> nasza przedszkolna Eko &#8211; choinka zosta\u0142a udekorowana ozdobami z nieu\u017cytk\u00f3w, wykonanymi przez dzieci wsp\u00f3lnie z rodzicami. Choinka wygl\u0105da pi\u0119knie! Wisz\u0105 na niej gwiazdki, anio\u0142ki, ba\u0142wanki, zwierz\u0105tka, pajacyki, \u0142a\u0144cuchy \u2026 Zobaczcie sami! Teraz ju\u017c tylko czekamy na \u015bnieg, \u015bwi\u0119ta i wymarzone prezenty pod choink\u0105. <strong>Coraz bli\u017cej \u015bwi\u0119ta!<!--more--><\/strong><\/p>\n<p><strong>Wszystkie ozdoby choinkowe wzbudzi\u0142y zachwyt organizator\u00f3w wyzwania \u201eEkologiczna choinka 2020\u201d. Zaskoczy\u0142y oryginalno\u015bci\u0105 wykonania, pomys\u0142owo\u015bci\u0105 oraz sposobem wykorzystania i \u0142\u0105czenia r\u00f3\u017cnorodnych, niepotrzebnych na pierwszy rzut oka \u2013 materia\u0142\u00f3w odpadowych.<\/strong><\/p>\n<p><strong>Dzi\u0119kujemy Dzieciom i Rodzicom za udzia\u0142 w \u015bwi\u0105tecznym wyzwaniu ekologicznym.<\/strong><\/p>\n<div style=\"width: 640px;\" class=\"wp-video\"><video class=\"wp-video-shortcode\" id=\"video-24073-1\" width=\"640\" height=\"352\" preload=\"metadata\" controls=\"controls\"><source type=\"video\/mp4\" src=\"https:\/\/przedszkole61.edu.wroclaw.pl\/wp-content\/uploads\/sites\/58\/2021\/04\/VIDEO-2020-12-15-16-20-06.mp4?_=1\" \/><a href=\"https:\/\/przedszkole61.edu.wroclaw.pl\/wp-content\/uploads\/sites\/58\/2021\/04\/VIDEO-2020-12-15-16-20-06.mp4\">https:\/\/przedszkole61.edu.wroclaw.pl\/wp-content\/uploads\/sites\/58\/2021\/04\/VIDEO-2020-12-15-16-20-06.mp4<\/a><\/video><\/div>\n<p>[\/vc_column_text][\/vc_column][\/vc_row][vc_row][vc_column][vc_media_grid grid_id=&#8221;vc_gid:1618303462319-07e24029-678b-1&#8243; include=&#8221;24085,24083,24079,24078,24080,24081,24077,24075,24076,24074&#8243;][\/vc_column][\/vc_row]<\/p>\n<\/div>","protected":false},"excerpt":{"rendered":"<p>[vc_row][vc_column][vc_column_text]14 grudnia 2020 nasza przedszkolna Eko &#8211; choinka zosta\u0142a udekorowana ozdobami z nieu\u017cytk\u00f3w, wykonanymi przez dzieci wsp\u00f3lnie z rodzicami. Choinka wygl\u0105da pi\u0119knie! Wisz\u0105 na niej gwiazdki, anio\u0142ki, ba\u0142wanki, zwierz\u0105tka, pajacyki, [&hellip;]<\/p>\n","protected":false},"author":186,"featured_media":24074,"comment_status":"closed","ping_status":"open","sticky":false,"template":"","format":"standard","meta":{"ngg_post_thumbnail":0,"footnotes":""},"categories":[8],"tags":[],"class_list":["post-24073","post","type-post","status-publish","format-standard","has-post-thumbnail","hentry","category-wydarzenia","clearfix"],"_links":{"self":[{"href":"https:\/\/przedszkole61.edu.wroclaw.pl\/index.php\/wp-json\/wp\/v2\/posts\/24073","targetHints":{"allow":["GET"]}}],"collection":[{"href":"https:\/\/przedszkole61.edu.wroclaw.pl\/index.php\/wp-json\/wp\/v2\/posts"}],"about":[{"href":"https:\/\/przedszkole61.edu.wroclaw.pl\/index.php\/wp-json\/wp\/v2\/types\/post"}],"author":[{"embeddable":true,"href":"https:\/\/przedszkole61.edu.wroclaw.pl\/index.php\/wp-json\/wp\/v2\/users\/186"}],"replies":[{"embeddable":true,"href":"https:\/\/przedszkole61.edu.wroclaw.pl\/index.php\/wp-json\/wp\/v2\/comments?post=24073"}],"version-history":[{"count":3,"href":"https:\/\/przedszkole61.edu.wroclaw.pl\/index.php\/wp-json\/wp\/v2\/posts\/24073\/revisions"}],"predecessor-version":[{"id":25197,"href":"https:\/\/przedszkole61.edu.wroclaw.pl\/index.php\/wp-json\/wp\/v2\/posts\/24073\/revisions\/25197"}],"wp:featuredmedia":[{"embeddable":true,"href":"https:\/\/przedszkole61.edu.wroclaw.pl\/index.php\/wp-json\/wp\/v2\/media\/24074"}],"wp:attachment":[{"href":"https:\/\/przedszkole61.edu.wroclaw.pl\/index.php\/wp-json\/wp\/v2\/media?parent=24073"}],"wp:term":[{"taxonomy":"category","embeddable":true,"href":"https:\/\/przedszkole61.edu.wroclaw.pl\/index.php\/wp-json\/wp\/v2\/categories?post=24073"},{"taxonomy":"post_tag","embeddable":true,"href":"https:\/\/przedszkole61.edu.wroclaw.pl\/index.php\/wp-json\/wp\/v2\/tags?post=24073"}],"curies":[{"name":"wp","href":"https:\/\/api.w.org\/{rel}","templated":true}]}}