
{"id":24086,"date":"2020-12-17T00:00:00","date_gmt":"2020-12-16T23:00:00","guid":{"rendered":"https:\/\/przedszkole61.edu.wroclaw.pl\/index.php\/2020\/12\/17\/ida-ida-swieta\/"},"modified":"2021-04-13T10:38:02","modified_gmt":"2021-04-13T08:38:02","slug":"ida-ida-swieta","status":"publish","type":"post","link":"https:\/\/przedszkole61.edu.wroclaw.pl\/index.php\/2020\/12\/17\/ida-ida-swieta\/","title":{"rendered":"&#8222;Id\u0105, id\u0105 \u015bwi\u0119ta &#8230;&#8221;"},"content":{"rendered":"<div class=\"wpb-content-wrapper\"><p>[vc_row][vc_column][vc_column_text]<strong><em>Gdy w&nbsp;pokoju wyro\u015bnie choinka,&nbsp;<\/em><\/strong><br \/>\n<strong><em> \u0141a\u0144cuszkami, bombkami za\u015bwieci. <\/em><\/strong><br \/>\n<strong><em> To znaczy, \u017ce ju\u017c \u015awi\u0119ta,&nbsp;<\/em><\/strong><br \/>\n<strong><em> \u017be ju\u017c blisko kol\u0119da.<\/em><\/strong><\/p>\n<p><em>&nbsp;&nbsp;&nbsp;&nbsp;&nbsp;&nbsp;&nbsp;&nbsp;&nbsp;&nbsp;&nbsp;&nbsp;&nbsp;&nbsp;&nbsp;&nbsp;&nbsp;&nbsp; &nbsp; &nbsp; &nbsp; &nbsp; &nbsp;&nbsp; Agnieszka Galica<\/em><\/p>\n<p><strong>17 grudnia 2020<\/strong> z okazji nadchodz\u0105cych \u015awi\u0105t Bo\u017cego Narodzenia we wszystkich grupach odby\u0142y si\u0119 spotkania przed\u015bwi\u0105teczne. By\u0142y kol\u0119dy, \u017cyczenia \u015bwi\u0105teczne oraz wigilijne przysmaki. <strong>Weso\u0142ych \u015awi\u0105t!<\/strong>[\/vc_column_text][\/vc_column][\/vc_row][vc_row][vc_column][vc_media_grid grid_id=&#8221;vc_gid:1618302989657-8283b4fe-6e10-5&#8243; include=&#8221;24093,24091,24092,24088,24095,24090,24089&#8243;][\/vc_column][\/vc_row]<\/p>\n<\/div>","protected":false},"excerpt":{"rendered":"<p>[vc_row][vc_column][vc_column_text]Gdy w&nbsp;pokoju wyro\u015bnie choinka,&nbsp; \u0141a\u0144cuszkami, bombkami za\u015bwieci. To znaczy, \u017ce ju\u017c \u015awi\u0119ta,&nbsp; \u017be ju\u017c blisko kol\u0119da. &nbsp;&nbsp;&nbsp;&nbsp;&nbsp;&nbsp;&nbsp;&nbsp;&nbsp;&nbsp;&nbsp;&nbsp;&nbsp;&nbsp;&nbsp;&nbsp;&nbsp;&nbsp; &nbsp; &nbsp; &nbsp; &nbsp; &nbsp;&nbsp; Agnieszka Galica 17 grudnia 2020 z okazji nadchodz\u0105cych [&hellip;]<\/p>\n","protected":false},"author":186,"featured_media":24087,"comment_status":"closed","ping_status":"open","sticky":false,"template":"","format":"standard","meta":{"ngg_post_thumbnail":0,"footnotes":""},"categories":[8],"tags":[],"class_list":["post-24086","post","type-post","status-publish","format-standard","has-post-thumbnail","hentry","category-wydarzenia","clearfix"],"_links":{"self":[{"href":"https:\/\/przedszkole61.edu.wroclaw.pl\/index.php\/wp-json\/wp\/v2\/posts\/24086","targetHints":{"allow":["GET"]}}],"collection":[{"href":"https:\/\/przedszkole61.edu.wroclaw.pl\/index.php\/wp-json\/wp\/v2\/posts"}],"about":[{"href":"https:\/\/przedszkole61.edu.wroclaw.pl\/index.php\/wp-json\/wp\/v2\/types\/post"}],"author":[{"embeddable":true,"href":"https:\/\/przedszkole61.edu.wroclaw.pl\/index.php\/wp-json\/wp\/v2\/users\/186"}],"replies":[{"embeddable":true,"href":"https:\/\/przedszkole61.edu.wroclaw.pl\/index.php\/wp-json\/wp\/v2\/comments?post=24086"}],"version-history":[{"count":3,"href":"https:\/\/przedszkole61.edu.wroclaw.pl\/index.php\/wp-json\/wp\/v2\/posts\/24086\/revisions"}],"predecessor-version":[{"id":25193,"href":"https:\/\/przedszkole61.edu.wroclaw.pl\/index.php\/wp-json\/wp\/v2\/posts\/24086\/revisions\/25193"}],"wp:featuredmedia":[{"embeddable":true,"href":"https:\/\/przedszkole61.edu.wroclaw.pl\/index.php\/wp-json\/wp\/v2\/media\/24087"}],"wp:attachment":[{"href":"https:\/\/przedszkole61.edu.wroclaw.pl\/index.php\/wp-json\/wp\/v2\/media?parent=24086"}],"wp:term":[{"taxonomy":"category","embeddable":true,"href":"https:\/\/przedszkole61.edu.wroclaw.pl\/index.php\/wp-json\/wp\/v2\/categories?post=24086"},{"taxonomy":"post_tag","embeddable":true,"href":"https:\/\/przedszkole61.edu.wroclaw.pl\/index.php\/wp-json\/wp\/v2\/tags?post=24086"}],"curies":[{"name":"wp","href":"https:\/\/api.w.org\/{rel}","templated":true}]}}