
{"id":24094,"date":"2020-12-21T00:00:00","date_gmt":"2020-12-20T23:00:00","guid":{"rendered":"https:\/\/przedszkole61.edu.wroclaw.pl\/index.php\/2020\/12\/21\/fabryka-stroikow-swiatecznych\/"},"modified":"2021-04-13T10:35:56","modified_gmt":"2021-04-13T08:35:56","slug":"fabryka-stroikow-swiatecznych","status":"publish","type":"post","link":"https:\/\/przedszkole61.edu.wroclaw.pl\/index.php\/2020\/12\/21\/fabryka-stroikow-swiatecznych\/","title":{"rendered":"\u015awi\u0105teczne wyzwanie &#8211; stroik dla ka\u017cdego dziecka"},"content":{"rendered":"<div class=\"wpb-content-wrapper\"><p>[vc_row][vc_column][vc_column_text]<strong>21 grudnia 2020<\/strong> w holu przy choince, w fabryce stroik\u00f3w \u015bwi\u0105tecznych, dzieci komponowa\u0142y sw\u00f3j w\u0142asny stroik. Wybiera\u0142y ga\u0142\u0105zki, bombki, kokardki, szyszki, orzechy i uk\u0142ada\u0142y na drewnianej podstawce. Panie pomaga\u0142y nakleja\u0107. <strong>Ach, co to by\u0142 za dzie\u0144!<\/strong>[\/vc_column_text][\/vc_column][\/vc_row][vc_row][vc_column][vc_media_grid grid_id=&#8221;vc_gid:1618302880561-0b5ffa7a-6002-8&#8243; include=&#8221;24110,24112,24111,24106,24109,24107,24108,24104,24105,24103,24102,24101,24099,24098,24097,24100,24096,24095&#8243;][\/vc_column][\/vc_row]<\/p>\n<\/div>","protected":false},"excerpt":{"rendered":"<p>[vc_row][vc_column][vc_column_text]21 grudnia 2020 w holu przy choince, w fabryce stroik\u00f3w \u015bwi\u0105tecznych, dzieci komponowa\u0142y sw\u00f3j w\u0142asny stroik. Wybiera\u0142y ga\u0142\u0105zki, bombki, kokardki, szyszki, orzechy i uk\u0142ada\u0142y na drewnianej podstawce. Panie pomaga\u0142y nakleja\u0107. [&hellip;]<\/p>\n","protected":false},"author":186,"featured_media":24095,"comment_status":"closed","ping_status":"open","sticky":false,"template":"","format":"standard","meta":{"ngg_post_thumbnail":0,"footnotes":""},"categories":[8],"tags":[],"class_list":["post-24094","post","type-post","status-publish","format-standard","has-post-thumbnail","hentry","category-wydarzenia","clearfix"],"_links":{"self":[{"href":"https:\/\/przedszkole61.edu.wroclaw.pl\/index.php\/wp-json\/wp\/v2\/posts\/24094","targetHints":{"allow":["GET"]}}],"collection":[{"href":"https:\/\/przedszkole61.edu.wroclaw.pl\/index.php\/wp-json\/wp\/v2\/posts"}],"about":[{"href":"https:\/\/przedszkole61.edu.wroclaw.pl\/index.php\/wp-json\/wp\/v2\/types\/post"}],"author":[{"embeddable":true,"href":"https:\/\/przedszkole61.edu.wroclaw.pl\/index.php\/wp-json\/wp\/v2\/users\/186"}],"replies":[{"embeddable":true,"href":"https:\/\/przedszkole61.edu.wroclaw.pl\/index.php\/wp-json\/wp\/v2\/comments?post=24094"}],"version-history":[{"count":3,"href":"https:\/\/przedszkole61.edu.wroclaw.pl\/index.php\/wp-json\/wp\/v2\/posts\/24094\/revisions"}],"predecessor-version":[{"id":25191,"href":"https:\/\/przedszkole61.edu.wroclaw.pl\/index.php\/wp-json\/wp\/v2\/posts\/24094\/revisions\/25191"}],"wp:featuredmedia":[{"embeddable":true,"href":"https:\/\/przedszkole61.edu.wroclaw.pl\/index.php\/wp-json\/wp\/v2\/media\/24095"}],"wp:attachment":[{"href":"https:\/\/przedszkole61.edu.wroclaw.pl\/index.php\/wp-json\/wp\/v2\/media?parent=24094"}],"wp:term":[{"taxonomy":"category","embeddable":true,"href":"https:\/\/przedszkole61.edu.wroclaw.pl\/index.php\/wp-json\/wp\/v2\/categories?post=24094"},{"taxonomy":"post_tag","embeddable":true,"href":"https:\/\/przedszkole61.edu.wroclaw.pl\/index.php\/wp-json\/wp\/v2\/tags?post=24094"}],"curies":[{"name":"wp","href":"https:\/\/api.w.org\/{rel}","templated":true}]}}