
{"id":24113,"date":"2021-01-11T00:00:00","date_gmt":"2021-01-10T23:00:00","guid":{"rendered":"https:\/\/przedszkole61.edu.wroclaw.pl\/index.php\/2021\/01\/11\/ozdoba-choinkowa-z-nieuzytkow-rozstrzygniecie-konkursu\/"},"modified":"2021-04-13T10:34:07","modified_gmt":"2021-04-13T08:34:07","slug":"ozdoba-choinkowa-z-nieuzytkow-rozstrzygniecie-konkursu","status":"publish","type":"post","link":"https:\/\/przedszkole61.edu.wroclaw.pl\/index.php\/2021\/01\/11\/ozdoba-choinkowa-z-nieuzytkow-rozstrzygniecie-konkursu\/","title":{"rendered":"&#8222;Ozdoba choinkowa z nieu\u017cytk\u00f3w&#8221; &#8211; rozstrzygni\u0119cie konkursu"},"content":{"rendered":"<div class=\"wpb-content-wrapper\"><p>[vc_row][vc_column][vc_column_text]<strong>11 stycznia 2021<\/strong> odby\u0142o si\u0119 uroczyste rozstrzygni\u0119cie konkursu &#8222;Ozdoba choinkowa z nieu\u017cytk\u00f3w&#8221;. Wszystkie dzieci bior\u0105ce udzia\u0142 w konkursie otrzyma\u0142y nagrod\u0119 rzeczow\u0105 &#8211; drobny upominek oraz pami\u0105tkowy dyplom. <strong>Dzi\u0119kujemy Dzieciom i Rodzicom za udzia\u0142 w konkursie. <!--more--><\/strong><\/p>\n<p><strong>Sponsorem nagr\u00f3d jest Rada Rodzic\u00f3w Przedszkola nr 61 &#8222;Gajowickie Skrzaty&#8221;. <\/strong><\/p>\n<p><em><strong>Organizatorzy konkursu &#8222;Ekologiczna choinka 2020&#8221;<\/strong><\/em>[\/vc_column_text][\/vc_column][\/vc_row][vc_row][vc_column][vc_media_grid grid_id=&#8221;vc_gid:1618302713193-e296a36c-3a3d-6&#8243; include=&#8221;24085,24114,24115&#8243;][\/vc_column][\/vc_row]<\/p>\n<\/div>","protected":false},"excerpt":{"rendered":"<p>[vc_row][vc_column][vc_column_text]11 stycznia 2021 odby\u0142o si\u0119 uroczyste rozstrzygni\u0119cie konkursu &#8222;Ozdoba choinkowa z nieu\u017cytk\u00f3w&#8221;. Wszystkie dzieci bior\u0105ce udzia\u0142 w konkursie otrzyma\u0142y nagrod\u0119 rzeczow\u0105 &#8211; drobny upominek oraz pami\u0105tkowy dyplom. Dzi\u0119kujemy Dzieciom i [&hellip;]<\/p>\n","protected":false},"author":186,"featured_media":24114,"comment_status":"closed","ping_status":"open","sticky":false,"template":"","format":"standard","meta":{"ngg_post_thumbnail":0,"footnotes":""},"categories":[8],"tags":[],"class_list":["post-24113","post","type-post","status-publish","format-standard","has-post-thumbnail","hentry","category-wydarzenia","clearfix"],"_links":{"self":[{"href":"https:\/\/przedszkole61.edu.wroclaw.pl\/index.php\/wp-json\/wp\/v2\/posts\/24113","targetHints":{"allow":["GET"]}}],"collection":[{"href":"https:\/\/przedszkole61.edu.wroclaw.pl\/index.php\/wp-json\/wp\/v2\/posts"}],"about":[{"href":"https:\/\/przedszkole61.edu.wroclaw.pl\/index.php\/wp-json\/wp\/v2\/types\/post"}],"author":[{"embeddable":true,"href":"https:\/\/przedszkole61.edu.wroclaw.pl\/index.php\/wp-json\/wp\/v2\/users\/186"}],"replies":[{"embeddable":true,"href":"https:\/\/przedszkole61.edu.wroclaw.pl\/index.php\/wp-json\/wp\/v2\/comments?post=24113"}],"version-history":[{"count":3,"href":"https:\/\/przedszkole61.edu.wroclaw.pl\/index.php\/wp-json\/wp\/v2\/posts\/24113\/revisions"}],"predecessor-version":[{"id":25189,"href":"https:\/\/przedszkole61.edu.wroclaw.pl\/index.php\/wp-json\/wp\/v2\/posts\/24113\/revisions\/25189"}],"wp:featuredmedia":[{"embeddable":true,"href":"https:\/\/przedszkole61.edu.wroclaw.pl\/index.php\/wp-json\/wp\/v2\/media\/24114"}],"wp:attachment":[{"href":"https:\/\/przedszkole61.edu.wroclaw.pl\/index.php\/wp-json\/wp\/v2\/media?parent=24113"}],"wp:term":[{"taxonomy":"category","embeddable":true,"href":"https:\/\/przedszkole61.edu.wroclaw.pl\/index.php\/wp-json\/wp\/v2\/categories?post=24113"},{"taxonomy":"post_tag","embeddable":true,"href":"https:\/\/przedszkole61.edu.wroclaw.pl\/index.php\/wp-json\/wp\/v2\/tags?post=24113"}],"curies":[{"name":"wp","href":"https:\/\/api.w.org\/{rel}","templated":true}]}}