
{"id":24154,"date":"2021-01-19T00:00:00","date_gmt":"2021-01-18T23:00:00","guid":{"rendered":"https:\/\/przedszkole61.edu.wroclaw.pl\/index.php\/2021\/01\/19\/gajowickie-skrzaty-dokarmiaja-ptaki\/"},"modified":"2021-04-13T10:28:09","modified_gmt":"2021-04-13T08:28:09","slug":"gajowickie-skrzaty-dokarmiaja-ptaki","status":"publish","type":"post","link":"https:\/\/przedszkole61.edu.wroclaw.pl\/index.php\/2021\/01\/19\/gajowickie-skrzaty-dokarmiaja-ptaki\/","title":{"rendered":"Gajowickie Skrzaty dokarmiaj\u0105 ptaki"},"content":{"rendered":"<div class=\"wpb-content-wrapper\"><p>[vc_row][vc_column][vc_column_text]<strong>Gajowickie Skrzaty<\/strong> wiedz\u0105, \u017ce zima jest dla ptak\u00f3w bardzo ci\u0119\u017ckim okresem, ze wzgl\u0119du na nisk\u0105 temperatur\u0119 i trudne warunki pogodowe.<!--more--> Dlatego przedszkolaki postanowi\u0142y pom\u00f3c ptakom zawieszaj\u0105c \u201eptasie przysmaki\u201d na drzewie i nape\u0142niaj\u0105c przedszkolny karmnik nasionami. <strong>Brawo Gajowickie Skrzaty!<\/strong><\/p>\n<p><b>Jak i czym dokarmia\u0107 ptaki?<\/b><\/p>\n<ul>\n<li>Rozpoczynamy dokarmianie wraz z pojawieniem si\u0119 ujemnych temperatur i pokrywy \u015bnie\u017cnej.<\/li>\n<li>Nie karmimy ptak\u00f3w chlebem ani resztkami z w\u0142asnego sto\u0142u. Przetworzona \u017cywno\u015b\u0107 zawiera du\u017ce ilo\u015bci soli i sztucznych dodatk\u00f3w, kt\u00f3re s\u0105 szkodliwe dla ptak\u00f3w; ptaki od tego choruj\u0105.<\/li>\n<li>Podajemy ptakom naturalne po\u017cywienie, takie jak: ziarna zb\u00f3\u017c, nasiona ro\u015blin oleistych, orzechy, owoce, wieszamy s\u0142onink\u0119, itp.<\/li>\n<li>Wk\u0142adamy po\u017cywienie w przygotowanym do tego miejscu \u2013 karmniku, kt\u00f3ry najlepiej jak jest ustawiony w zacisznym miejscu, os\u0142oni\u0119tym od wiatru; tak by blisko niego by\u0142 jaki\u015b g\u0119sty krzew w kt\u00f3rym ptaki mog\u0142yby si\u0119 chroni\u0107.<\/li>\n<li>Je\u015bli zdecydowali\u015bmy si\u0119 na dokarmianie ptak\u00f3w musimy robi\u0107 to systematycznie przez ca\u0142\u0105 zim\u0119, do kiedy stopniej\u0105 ostatnie \u015bniegi.<\/li>\n<\/ul>\n<p>[\/vc_column_text][\/vc_column][\/vc_row][vc_row][vc_column][vc_media_grid grid_id=&#8221;vc_gid:1618302385605-55067e83-da13-8&#8243; include=&#8221;24169,24166,24167,24168,24162,24164,24165,24163,24161,24158,24159,24160,24156,24157,24155&#8243;][\/vc_column][\/vc_row]<\/p>\n<\/div>","protected":false},"excerpt":{"rendered":"<p>[vc_row][vc_column][vc_column_text]Gajowickie Skrzaty wiedz\u0105, \u017ce zima jest dla ptak\u00f3w bardzo ci\u0119\u017ckim okresem, ze wzgl\u0119du na nisk\u0105 temperatur\u0119 i trudne warunki pogodowe.<\/p>\n","protected":false},"author":186,"featured_media":24155,"comment_status":"closed","ping_status":"open","sticky":false,"template":"","format":"standard","meta":{"ngg_post_thumbnail":0,"footnotes":""},"categories":[8],"tags":[],"class_list":["post-24154","post","type-post","status-publish","format-standard","has-post-thumbnail","hentry","category-wydarzenia","clearfix"],"_links":{"self":[{"href":"https:\/\/przedszkole61.edu.wroclaw.pl\/index.php\/wp-json\/wp\/v2\/posts\/24154","targetHints":{"allow":["GET"]}}],"collection":[{"href":"https:\/\/przedszkole61.edu.wroclaw.pl\/index.php\/wp-json\/wp\/v2\/posts"}],"about":[{"href":"https:\/\/przedszkole61.edu.wroclaw.pl\/index.php\/wp-json\/wp\/v2\/types\/post"}],"author":[{"embeddable":true,"href":"https:\/\/przedszkole61.edu.wroclaw.pl\/index.php\/wp-json\/wp\/v2\/users\/186"}],"replies":[{"embeddable":true,"href":"https:\/\/przedszkole61.edu.wroclaw.pl\/index.php\/wp-json\/wp\/v2\/comments?post=24154"}],"version-history":[{"count":3,"href":"https:\/\/przedszkole61.edu.wroclaw.pl\/index.php\/wp-json\/wp\/v2\/posts\/24154\/revisions"}],"predecessor-version":[{"id":25184,"href":"https:\/\/przedszkole61.edu.wroclaw.pl\/index.php\/wp-json\/wp\/v2\/posts\/24154\/revisions\/25184"}],"wp:featuredmedia":[{"embeddable":true,"href":"https:\/\/przedszkole61.edu.wroclaw.pl\/index.php\/wp-json\/wp\/v2\/media\/24155"}],"wp:attachment":[{"href":"https:\/\/przedszkole61.edu.wroclaw.pl\/index.php\/wp-json\/wp\/v2\/media?parent=24154"}],"wp:term":[{"taxonomy":"category","embeddable":true,"href":"https:\/\/przedszkole61.edu.wroclaw.pl\/index.php\/wp-json\/wp\/v2\/categories?post=24154"},{"taxonomy":"post_tag","embeddable":true,"href":"https:\/\/przedszkole61.edu.wroclaw.pl\/index.php\/wp-json\/wp\/v2\/tags?post=24154"}],"curies":[{"name":"wp","href":"https:\/\/api.w.org\/{rel}","templated":true}]}}