
{"id":24198,"date":"2021-01-22T00:00:00","date_gmt":"2021-01-21T23:00:00","guid":{"rendered":"https:\/\/przedszkole61.edu.wroclaw.pl\/index.php\/2021\/01\/22\/niespodzianka-dla-babci-i-dziadka-2\/"},"modified":"2021-04-02T13:33:25","modified_gmt":"2021-04-02T11:33:25","slug":"niespodzianka-dla-babci-i-dziadka-2","status":"publish","type":"post","link":"https:\/\/przedszkole61.edu.wroclaw.pl\/index.php\/2021\/01\/22\/niespodzianka-dla-babci-i-dziadka-2\/","title":{"rendered":"Niespodzianka dla Babci i Dziadka"},"content":{"rendered":"<p><strong>Gajowickie Skrzaty<\/strong> zapraszaj\u0105 Babcie i Dziadk\u00f3w do obejrzenia program\u00f3w artystycznych przygotowanych z okazji Ich \u015awi\u0119ta.<strong> Wiwat Babcia i Dziadek!<img decoding=\"async\" title=\"Wi\u0119cej...\" alt=\"\" src=\"https:\/\/przedszkole61.edu.wroclaw.pl\/wp-content\/uploads\/sites\/58\/2021\/04\/trans.gif\" \/><!--more--><\/strong><\/p>\n<p>\u00a0<\/p>\n<p><strong>Dzieci z grupy I<\/strong><\/p>\n<p><a title=\"grupa1\" href=\"https:\/\/view.genial.ly\/60012ddf9450fe0cfab7e3dc\/presentation-swieto-babci-i-dziadka-i\">https:\/\/view.genial.ly\/60012ddf9450fe0cfab7e3dc\/presentation-swieto-babci-i-dziadka-i<\/a><\/p>\n<p><strong>Dzieci z grupy II<\/strong><\/p>\n<p><a title=\"grupa2\" href=\"https:\/\/view.genial.ly\/5ff45830485b460cf9c7da26\/presentation-swieto-babci-i-dziadka-ii\">https:\/\/view.genial.ly\/5ff45830485b460cf9c7da26\/presentation-swieto-babci-i-dziadka-ii<\/a><\/p>\n<p><strong>Dzieci z grupy III<\/strong><\/p>\n<p><a title=\"grupa 3\" href=\"https:\/\/view.genial.ly\/60012be99680a90d0132e86d\/presentation-swieto-babci-i-dziadka-iii\">https:\/\/view.genial.ly\/60012be99680a90d0132e86d\/presentation-swieto-babci-i-dziadka-iii<\/a><\/p>\n<p><strong>Dzieci z grupy IV<\/strong><\/p>\n<p><a title=\"grupa 4\" href=\"https:\/\/view.genial.ly\/60012e129450fe0cfab7e3dd\/presentation-prezent-dla-babci-i-dziadka-i-v\">https:\/\/view.genial.ly\/60012e129450fe0cfab7e3dd\/presentation-prezent-dla-babci-i-dziadka-i-v<\/a><\/p>\n<p><strong>Dzieci z grupy V<\/strong><\/p>\n<p><a title=\"grupa 5\" href=\"https:\/\/view.genial.ly\/60012e0a32457a0d0e7d04e2\/presentation-babcia-i-dziadek-iv\">https:\/\/view.genial.ly\/60012e0a32457a0d0e7d04e2\/presentation-babcia-i-dziadek-iv<\/a><\/p>\n","protected":false},"excerpt":{"rendered":"<p>Gajowickie Skrzaty zapraszaj\u0105 Babcie i Dziadk\u00f3w do obejrzenia program\u00f3w artystycznych przygotowanych z okazji Ich \u015awi\u0119ta. Wiwat Babcia i Dziadek!<\/p>\n","protected":false},"author":186,"featured_media":24199,"comment_status":"closed","ping_status":"open","sticky":false,"template":"","format":"standard","meta":{"ngg_post_thumbnail":0,"footnotes":""},"categories":[8],"tags":[],"class_list":["post-24198","post","type-post","status-publish","format-standard","has-post-thumbnail","hentry","category-wydarzenia","clearfix"],"_links":{"self":[{"href":"https:\/\/przedszkole61.edu.wroclaw.pl\/index.php\/wp-json\/wp\/v2\/posts\/24198","targetHints":{"allow":["GET"]}}],"collection":[{"href":"https:\/\/przedszkole61.edu.wroclaw.pl\/index.php\/wp-json\/wp\/v2\/posts"}],"about":[{"href":"https:\/\/przedszkole61.edu.wroclaw.pl\/index.php\/wp-json\/wp\/v2\/types\/post"}],"author":[{"embeddable":true,"href":"https:\/\/przedszkole61.edu.wroclaw.pl\/index.php\/wp-json\/wp\/v2\/users\/186"}],"replies":[{"embeddable":true,"href":"https:\/\/przedszkole61.edu.wroclaw.pl\/index.php\/wp-json\/wp\/v2\/comments?post=24198"}],"version-history":[{"count":1,"href":"https:\/\/przedszkole61.edu.wroclaw.pl\/index.php\/wp-json\/wp\/v2\/posts\/24198\/revisions"}],"predecessor-version":[{"id":25058,"href":"https:\/\/przedszkole61.edu.wroclaw.pl\/index.php\/wp-json\/wp\/v2\/posts\/24198\/revisions\/25058"}],"wp:featuredmedia":[{"embeddable":true,"href":"https:\/\/przedszkole61.edu.wroclaw.pl\/index.php\/wp-json\/wp\/v2\/media\/24199"}],"wp:attachment":[{"href":"https:\/\/przedszkole61.edu.wroclaw.pl\/index.php\/wp-json\/wp\/v2\/media?parent=24198"}],"wp:term":[{"taxonomy":"category","embeddable":true,"href":"https:\/\/przedszkole61.edu.wroclaw.pl\/index.php\/wp-json\/wp\/v2\/categories?post=24198"},{"taxonomy":"post_tag","embeddable":true,"href":"https:\/\/przedszkole61.edu.wroclaw.pl\/index.php\/wp-json\/wp\/v2\/tags?post=24198"}],"curies":[{"name":"wp","href":"https:\/\/api.w.org\/{rel}","templated":true}]}}