
{"id":24216,"date":"2021-02-01T00:00:00","date_gmt":"2021-01-31T23:00:00","guid":{"rendered":"https:\/\/przedszkole61.edu.wroclaw.pl\/index.php\/2021\/02\/01\/maly-ratownik-2\/"},"modified":"2021-04-13T10:16:46","modified_gmt":"2021-04-13T08:16:46","slug":"maly-ratownik-2","status":"publish","type":"post","link":"https:\/\/przedszkole61.edu.wroclaw.pl\/index.php\/2021\/02\/01\/maly-ratownik-2\/","title":{"rendered":"&#8222;Ma\u0142y Ratownik&#8221;"},"content":{"rendered":"<div class=\"wpb-content-wrapper\"><p>[vc_row][vc_column][vc_column_text]<strong>1 lutego 2021<\/strong> \u201eGajowickie Skrzaty\u201d uczestniczy\u0142y w szkoleniu pierwszej pomocy przedmedycznej \u201eMa\u0142y Ratownik\u201d. Szkolenie prowadzi\u0142a pani Beata Dopiera\u0142a \u2013 funkcjonariusz Stra\u017cy Miejskiej.<\/p>\n<p>Podczas zaj\u0119\u0107 przedszkolaki uczy\u0142y si\u0119 odpowiedniego post\u0119powania w sytuacji zagro\u017cenia zdrowia; \u0107wiczy\u0142y prawid\u0142owy spos\u00f3b wzywania pomocy przez telefon, a na fantomach uczy\u0142y si\u0119 wykonywa\u0107 sztuczne oddychanie.[\/vc_column_text][\/vc_column][\/vc_row][vc_row][vc_column][vc_media_grid grid_id=&#8221;vc_gid:1618301723449-213a6e7d-42af-0&#8243; include=&#8221;24226,24225,24227,24221,24224,24223,24222,24218,24219,24220&#8243;][\/vc_column][\/vc_row]<\/p>\n<\/div>","protected":false},"excerpt":{"rendered":"<p>[vc_row][vc_column][vc_column_text]1 lutego 2021 \u201eGajowickie Skrzaty\u201d uczestniczy\u0142y w szkoleniu pierwszej pomocy przedmedycznej \u201eMa\u0142y Ratownik\u201d. Szkolenie prowadzi\u0142a pani Beata Dopiera\u0142a \u2013 funkcjonariusz Stra\u017cy Miejskiej. Podczas zaj\u0119\u0107 przedszkolaki uczy\u0142y si\u0119 odpowiedniego post\u0119powania w [&hellip;]<\/p>\n","protected":false},"author":186,"featured_media":23625,"comment_status":"closed","ping_status":"open","sticky":false,"template":"","format":"standard","meta":{"ngg_post_thumbnail":0,"footnotes":""},"categories":[8],"tags":[],"class_list":["post-24216","post","type-post","status-publish","format-standard","has-post-thumbnail","hentry","category-wydarzenia","clearfix"],"_links":{"self":[{"href":"https:\/\/przedszkole61.edu.wroclaw.pl\/index.php\/wp-json\/wp\/v2\/posts\/24216","targetHints":{"allow":["GET"]}}],"collection":[{"href":"https:\/\/przedszkole61.edu.wroclaw.pl\/index.php\/wp-json\/wp\/v2\/posts"}],"about":[{"href":"https:\/\/przedszkole61.edu.wroclaw.pl\/index.php\/wp-json\/wp\/v2\/types\/post"}],"author":[{"embeddable":true,"href":"https:\/\/przedszkole61.edu.wroclaw.pl\/index.php\/wp-json\/wp\/v2\/users\/186"}],"replies":[{"embeddable":true,"href":"https:\/\/przedszkole61.edu.wroclaw.pl\/index.php\/wp-json\/wp\/v2\/comments?post=24216"}],"version-history":[{"count":3,"href":"https:\/\/przedszkole61.edu.wroclaw.pl\/index.php\/wp-json\/wp\/v2\/posts\/24216\/revisions"}],"predecessor-version":[{"id":25176,"href":"https:\/\/przedszkole61.edu.wroclaw.pl\/index.php\/wp-json\/wp\/v2\/posts\/24216\/revisions\/25176"}],"wp:featuredmedia":[{"embeddable":true,"href":"https:\/\/przedszkole61.edu.wroclaw.pl\/index.php\/wp-json\/wp\/v2\/media\/23625"}],"wp:attachment":[{"href":"https:\/\/przedszkole61.edu.wroclaw.pl\/index.php\/wp-json\/wp\/v2\/media?parent=24216"}],"wp:term":[{"taxonomy":"category","embeddable":true,"href":"https:\/\/przedszkole61.edu.wroclaw.pl\/index.php\/wp-json\/wp\/v2\/categories?post=24216"},{"taxonomy":"post_tag","embeddable":true,"href":"https:\/\/przedszkole61.edu.wroclaw.pl\/index.php\/wp-json\/wp\/v2\/tags?post=24216"}],"curies":[{"name":"wp","href":"https:\/\/api.w.org\/{rel}","templated":true}]}}