
{"id":24248,"date":"2021-02-15T00:00:00","date_gmt":"2021-02-14T23:00:00","guid":{"rendered":"https:\/\/przedszkole61.edu.wroclaw.pl\/index.php\/2021\/02\/15\/pudelko-milych-slow-czyli-poczta-walentynkowa-w-przedszkolu\/"},"modified":"2021-04-13T10:10:42","modified_gmt":"2021-04-13T08:10:42","slug":"pudelko-milych-slow-czyli-poczta-walentynkowa-w-przedszkolu","status":"publish","type":"post","link":"https:\/\/przedszkole61.edu.wroclaw.pl\/index.php\/2021\/02\/15\/pudelko-milych-slow-czyli-poczta-walentynkowa-w-przedszkolu\/","title":{"rendered":"&#8222;Pude\u0142ko mi\u0142ych s\u0142\u00f3w&#8221; &#8211; czyli poczta walentynkowa w przedszkolu"},"content":{"rendered":"<div class=\"wpb-content-wrapper\"><p>[vc_row][vc_column][vc_column_text]<strong>15 lutego 2021<\/strong> Gajowickie Skrzaty otrzyma\u0142y pi\u0119kne kartki, przygotowane przez Rodzic\u00f3w w ramach zabawy walentynkowej pt.:&nbsp; &#8222;Pude\u0142ko mi\u0142ych s\u0142\u00f3w&#8221;. Wszystkie kartki by\u0142y pe\u0142ne dobrych, \u017cyczliwych i mi\u0142ych s\u0142\u00f3w. Walentynki sprawi\u0142y dzieciom, oraz pracownikom przedszkola, ogromn\u0105 rado\u015b\u0107. <strong>Dzi\u0119kujemy!<\/strong><\/p>\n<p><strong>Dzi\u0119kujemy wszystkim Rodzicom za udzia\u0142 w zabawie walentynkowej pt.: \u201ePude\u0142ko mi\u0142ych s\u0142\u00f3w\u201d.<\/strong>[\/vc_column_text][\/vc_column][\/vc_row][vc_row][vc_column][vc_media_grid grid_id=&#8221;vc_gid:1618301367435-daf7c882-1760-5&#8243; include=&#8221;24257,24255,24254,24256,24251,24253,24252,24250,24249&#8243;][\/vc_column][\/vc_row]<\/p>\n<\/div>","protected":false},"excerpt":{"rendered":"<p>[vc_row][vc_column][vc_column_text]15 lutego 2021 Gajowickie Skrzaty otrzyma\u0142y pi\u0119kne kartki, przygotowane przez Rodzic\u00f3w w ramach zabawy walentynkowej pt.:&nbsp; &#8222;Pude\u0142ko mi\u0142ych s\u0142\u00f3w&#8221;. Wszystkie kartki by\u0142y pe\u0142ne dobrych, \u017cyczliwych i mi\u0142ych s\u0142\u00f3w. Walentynki sprawi\u0142y [&hellip;]<\/p>\n","protected":false},"author":186,"featured_media":24249,"comment_status":"closed","ping_status":"open","sticky":false,"template":"","format":"standard","meta":{"ngg_post_thumbnail":0,"footnotes":""},"categories":[8],"tags":[],"class_list":["post-24248","post","type-post","status-publish","format-standard","has-post-thumbnail","hentry","category-wydarzenia","clearfix"],"_links":{"self":[{"href":"https:\/\/przedszkole61.edu.wroclaw.pl\/index.php\/wp-json\/wp\/v2\/posts\/24248","targetHints":{"allow":["GET"]}}],"collection":[{"href":"https:\/\/przedszkole61.edu.wroclaw.pl\/index.php\/wp-json\/wp\/v2\/posts"}],"about":[{"href":"https:\/\/przedszkole61.edu.wroclaw.pl\/index.php\/wp-json\/wp\/v2\/types\/post"}],"author":[{"embeddable":true,"href":"https:\/\/przedszkole61.edu.wroclaw.pl\/index.php\/wp-json\/wp\/v2\/users\/186"}],"replies":[{"embeddable":true,"href":"https:\/\/przedszkole61.edu.wroclaw.pl\/index.php\/wp-json\/wp\/v2\/comments?post=24248"}],"version-history":[{"count":3,"href":"https:\/\/przedszkole61.edu.wroclaw.pl\/index.php\/wp-json\/wp\/v2\/posts\/24248\/revisions"}],"predecessor-version":[{"id":25172,"href":"https:\/\/przedszkole61.edu.wroclaw.pl\/index.php\/wp-json\/wp\/v2\/posts\/24248\/revisions\/25172"}],"wp:featuredmedia":[{"embeddable":true,"href":"https:\/\/przedszkole61.edu.wroclaw.pl\/index.php\/wp-json\/wp\/v2\/media\/24249"}],"wp:attachment":[{"href":"https:\/\/przedszkole61.edu.wroclaw.pl\/index.php\/wp-json\/wp\/v2\/media?parent=24248"}],"wp:term":[{"taxonomy":"category","embeddable":true,"href":"https:\/\/przedszkole61.edu.wroclaw.pl\/index.php\/wp-json\/wp\/v2\/categories?post=24248"},{"taxonomy":"post_tag","embeddable":true,"href":"https:\/\/przedszkole61.edu.wroclaw.pl\/index.php\/wp-json\/wp\/v2\/tags?post=24248"}],"curies":[{"name":"wp","href":"https:\/\/api.w.org\/{rel}","templated":true}]}}