
{"id":24259,"date":"2021-02-16T00:00:00","date_gmt":"2021-02-15T23:00:00","guid":{"rendered":"https:\/\/przedszkole61.edu.wroclaw.pl\/index.php\/2021\/02\/16\/kim-bede-kiedy-dorosne-program-preorientacji-zawodowej\/"},"modified":"2021-04-13T10:08:19","modified_gmt":"2021-04-13T08:08:19","slug":"kim-bede-kiedy-dorosne-program-preorientacji-zawodowej","status":"publish","type":"post","link":"https:\/\/przedszkole61.edu.wroclaw.pl\/index.php\/2021\/02\/16\/kim-bede-kiedy-dorosne-program-preorientacji-zawodowej\/","title":{"rendered":"&#8222;Kim bed\u0119 kiedy dorosn\u0119?&#8221; &#8211; program preorientacji zawodowej"},"content":{"rendered":"<div class=\"wpb-content-wrapper\"><p>[vc_row][vc_column][vc_column_text]<\/p>\n<p style=\"text-align: left;\" align=\"center\"><b><span style=\"text-decoration: underline;\">\u201ePoznajemy prac\u0119 kucharza i intendenta\u201d <\/span><\/b><\/p>\n<p style=\"text-align: left;\" align=\"center\"><b>Spotkanie dzieci z grupy III z paniami kucharkami: pani\u0105 El\u0105 i pani\u0105 Ani\u0105 oraz pani\u0105 intendentk\u0105 \u2013 pani\u0105 Kamil\u0105<\/b><\/p>\n<p>Sk\u0105d w przedszkolu wzi\u0119\u0142o si\u0119 na stole \u015bniadanie? Sk\u0105d wzi\u0105\u0142 si\u0119 obiad? Czy wystarczy powiedzie\u0107 magiczne s\u0142owo: \u201eStoliczku, nakryj si\u0119!\u201d? <!--more-->Dzieci w rozmowie z paniami kucharkami zgodnie orzek\u0142y, \u017ce aby \u201ewyczarowa\u0107\u201d posi\u0142ek, trzeba w\u0142o\u017cy\u0107 mn\u00f3stwo pracy i zaanga\u017cowania; trzeba te\u017c wcze\u015bniej go zaplanowa\u0107, zakupi\u0107 odpowiednie produkty spo\u017cywcze. Za ka\u017cdym posi\u0142kiem dziecka w przedszkolu stoj\u0105 nasze panie kucharki &#8211; &nbsp;pani Ela i pani Ania -\u201ebohaterki dnia codziennego\u201d \u2013 wsp\u00f3lnie z pani\u0105 intendentk\u0105, pani\u0105 Kamil\u0105 planuj\u0105 wszystkie posi\u0142ki. Dzieci stwierdzi\u0142y r\u00f3wnie\u017c, \u017ce aby zosta\u0107 kucharzem trzeba lubi\u0107: przebywa\u0107 w kuchni, gotowa\u0107 i patrze\u0107 jak inni jedz\u0105 przygotowane przez nas potrawy. W kuchni trzeba by\u0107 bardzo ostro\u017cnym, uwa\u017ca\u0107 \u017ceby si\u0119 nie poparzy\u0107 i nie skaleczy\u0107 a jednocze\u015bnie wszystkie czynno\u015bci wykonywa\u0107 szybko, by zd\u0105\u017cy\u0107 z posi\u0142kiem na czas. Kucharz powinien te\u017c mie\u0107 na sobie odpowiednie ubranie. Panie kucharki i pani intendentka cz\u0119sto przychodz\u0105 w trakcie posi\u0142k\u00f3w do dzieci \u2013 obserwuj\u0105 czy posi\u0142ki, kt\u00f3re zaplanowa\u0142y i przygotowa\u0142y smakuj\u0105 dzieciom? Co dzieci jedz\u0105 najch\u0119tniej, a czego je\u015b\u0107 nie lubi\u0105?<\/p>\n<p><strong>Podczas poznawania pracy kucharza i intendenta dzieci:<\/strong><\/p>\n<ul>\n<li>w formie zabawowej odgrywa\u0142y role kucharza \u2013podejmowa\u0142y pr\u00f3by pos\u0142ugiwania si\u0119 przyborami i narz\u0119dziami kuchennymi zgodnie z ich przeznaczeniem;<\/li>\n<li>w zabawie plastycznej obrysowywa\u0142y i malowa\u0142y farbami naturalne przybory i narz\u0119dzia kuchenne;<\/li>\n<li>malowa\u0142y i wycina\u0142y postacie obu pa\u0144 kucharek i pani intendentki.<\/li>\n<\/ul>\n<p><strong>Czy jak dorosn\u0119 b\u0119d\u0119 kucharzem? Czy lubi\u0119 gotowa\u0107? Czy gotowanie sprawia mi przyjemno\u015b\u0107? Mo\u017ce b\u0119d\u0119 szefem kuchni du\u017cej restauracji, kucharzem w wojsku, na okr\u0119cie, a mo\u017ce dietetykiem?<\/strong>[\/vc_column_text][\/vc_column][\/vc_row][vc_row][vc_column][vc_media_grid grid_id=&#8221;vc_gid:1618301201612-a3098472-e976-7&#8243; include=&#8221;24272,24274,24273,24268,24269,24264,24265,24263,24266,24260,24258,24262,24261,24257&#8243;][\/vc_column][\/vc_row]<\/p>\n<\/div>","protected":false},"excerpt":{"rendered":"<p>[vc_row][vc_column][vc_column_text] \u201ePoznajemy prac\u0119 kucharza i intendenta\u201d Spotkanie dzieci z grupy III z paniami kucharkami: pani\u0105 El\u0105 i pani\u0105 Ani\u0105 oraz pani\u0105 intendentk\u0105 \u2013 pani\u0105 Kamil\u0105 Sk\u0105d w przedszkolu wzi\u0119\u0142o si\u0119 [&hellip;]<\/p>\n","protected":false},"author":186,"featured_media":24260,"comment_status":"closed","ping_status":"open","sticky":false,"template":"","format":"standard","meta":{"ngg_post_thumbnail":0,"footnotes":""},"categories":[8],"tags":[],"class_list":["post-24259","post","type-post","status-publish","format-standard","has-post-thumbnail","hentry","category-wydarzenia","clearfix"],"_links":{"self":[{"href":"https:\/\/przedszkole61.edu.wroclaw.pl\/index.php\/wp-json\/wp\/v2\/posts\/24259","targetHints":{"allow":["GET"]}}],"collection":[{"href":"https:\/\/przedszkole61.edu.wroclaw.pl\/index.php\/wp-json\/wp\/v2\/posts"}],"about":[{"href":"https:\/\/przedszkole61.edu.wroclaw.pl\/index.php\/wp-json\/wp\/v2\/types\/post"}],"author":[{"embeddable":true,"href":"https:\/\/przedszkole61.edu.wroclaw.pl\/index.php\/wp-json\/wp\/v2\/users\/186"}],"replies":[{"embeddable":true,"href":"https:\/\/przedszkole61.edu.wroclaw.pl\/index.php\/wp-json\/wp\/v2\/comments?post=24259"}],"version-history":[{"count":3,"href":"https:\/\/przedszkole61.edu.wroclaw.pl\/index.php\/wp-json\/wp\/v2\/posts\/24259\/revisions"}],"predecessor-version":[{"id":25170,"href":"https:\/\/przedszkole61.edu.wroclaw.pl\/index.php\/wp-json\/wp\/v2\/posts\/24259\/revisions\/25170"}],"wp:featuredmedia":[{"embeddable":true,"href":"https:\/\/przedszkole61.edu.wroclaw.pl\/index.php\/wp-json\/wp\/v2\/media\/24260"}],"wp:attachment":[{"href":"https:\/\/przedszkole61.edu.wroclaw.pl\/index.php\/wp-json\/wp\/v2\/media?parent=24259"}],"wp:term":[{"taxonomy":"category","embeddable":true,"href":"https:\/\/przedszkole61.edu.wroclaw.pl\/index.php\/wp-json\/wp\/v2\/categories?post=24259"},{"taxonomy":"post_tag","embeddable":true,"href":"https:\/\/przedszkole61.edu.wroclaw.pl\/index.php\/wp-json\/wp\/v2\/tags?post=24259"}],"curies":[{"name":"wp","href":"https:\/\/api.w.org\/{rel}","templated":true}]}}