
{"id":24275,"date":"2021-02-19T00:00:00","date_gmt":"2021-02-18T23:00:00","guid":{"rendered":"https:\/\/przedszkole61.edu.wroclaw.pl\/index.php\/2021\/02\/19\/segregujemy-odpady-warsztaty-ekologiczne\/"},"modified":"2021-04-13T10:06:01","modified_gmt":"2021-04-13T08:06:01","slug":"segregujemy-odpady-warsztaty-ekologiczne","status":"publish","type":"post","link":"https:\/\/przedszkole61.edu.wroclaw.pl\/index.php\/2021\/02\/19\/segregujemy-odpady-warsztaty-ekologiczne\/","title":{"rendered":"&#8222;Segregujemy odpady&#8221; &#8211; warsztaty ekologiczne"},"content":{"rendered":"<div class=\"wpb-content-wrapper\"><p>[vc_row][vc_column][vc_column_text]<strong>19 lutego 2021<\/strong> Gajowickie Skrzaty uczestniczy\u0142y w warsztatach ekologicznych pt.: &#8222;Segregujemy odpady&#8221;. Dzieci dowiedzia\u0142y si\u0119, jak nale\u017cy segregowa\u0107 \u015bmieci i jaki kolor maj\u0105 pojemniki, do kt\u00f3rych wyrzucamy poszczeg\u00f3lne rodzaje odpad\u00f3w. <strong>Segregacja &#8211; Rewelacja!<\/strong><\/p>\n<p><strong>Zaj\u0119cia zosta\u0142y przeprowadzone przez Centrum Edukacyjne Ekolandia.edu przy wsp\u00f3\u0142pracy z Ekosystem.<\/strong>[\/vc_column_text][\/vc_column][\/vc_row][vc_row][vc_column][vc_media_grid grid_id=&#8221;vc_gid:1618301059923-4f837049-af3a-7&#8243; include=&#8221;24288,24286,24285,24284,24287,24281,24282,24283,24280,24278,24276,24277&#8243;][\/vc_column][\/vc_row]<\/p>\n<\/div>","protected":false},"excerpt":{"rendered":"<p>[vc_row][vc_column][vc_column_text]19 lutego 2021 Gajowickie Skrzaty uczestniczy\u0142y w warsztatach ekologicznych pt.: &#8222;Segregujemy odpady&#8221;. Dzieci dowiedzia\u0142y si\u0119, jak nale\u017cy segregowa\u0107 \u015bmieci i jaki kolor maj\u0105 pojemniki, do kt\u00f3rych wyrzucamy poszczeg\u00f3lne rodzaje odpad\u00f3w. [&hellip;]<\/p>\n","protected":false},"author":186,"featured_media":24276,"comment_status":"closed","ping_status":"open","sticky":false,"template":"","format":"standard","meta":{"ngg_post_thumbnail":0,"footnotes":""},"categories":[8],"tags":[],"class_list":["post-24275","post","type-post","status-publish","format-standard","has-post-thumbnail","hentry","category-wydarzenia","clearfix"],"_links":{"self":[{"href":"https:\/\/przedszkole61.edu.wroclaw.pl\/index.php\/wp-json\/wp\/v2\/posts\/24275","targetHints":{"allow":["GET"]}}],"collection":[{"href":"https:\/\/przedszkole61.edu.wroclaw.pl\/index.php\/wp-json\/wp\/v2\/posts"}],"about":[{"href":"https:\/\/przedszkole61.edu.wroclaw.pl\/index.php\/wp-json\/wp\/v2\/types\/post"}],"author":[{"embeddable":true,"href":"https:\/\/przedszkole61.edu.wroclaw.pl\/index.php\/wp-json\/wp\/v2\/users\/186"}],"replies":[{"embeddable":true,"href":"https:\/\/przedszkole61.edu.wroclaw.pl\/index.php\/wp-json\/wp\/v2\/comments?post=24275"}],"version-history":[{"count":3,"href":"https:\/\/przedszkole61.edu.wroclaw.pl\/index.php\/wp-json\/wp\/v2\/posts\/24275\/revisions"}],"predecessor-version":[{"id":25168,"href":"https:\/\/przedszkole61.edu.wroclaw.pl\/index.php\/wp-json\/wp\/v2\/posts\/24275\/revisions\/25168"}],"wp:featuredmedia":[{"embeddable":true,"href":"https:\/\/przedszkole61.edu.wroclaw.pl\/index.php\/wp-json\/wp\/v2\/media\/24276"}],"wp:attachment":[{"href":"https:\/\/przedszkole61.edu.wroclaw.pl\/index.php\/wp-json\/wp\/v2\/media?parent=24275"}],"wp:term":[{"taxonomy":"category","embeddable":true,"href":"https:\/\/przedszkole61.edu.wroclaw.pl\/index.php\/wp-json\/wp\/v2\/categories?post=24275"},{"taxonomy":"post_tag","embeddable":true,"href":"https:\/\/przedszkole61.edu.wroclaw.pl\/index.php\/wp-json\/wp\/v2\/tags?post=24275"}],"curies":[{"name":"wp","href":"https:\/\/api.w.org\/{rel}","templated":true}]}}