
{"id":24308,"date":"2021-02-26T00:00:00","date_gmt":"2021-02-25T23:00:00","guid":{"rendered":"https:\/\/przedszkole61.edu.wroclaw.pl\/index.php\/2021\/02\/26\/tydzien-z-szanusiem-projekt-edukacyjny\/"},"modified":"2021-04-13T09:58:13","modified_gmt":"2021-04-13T07:58:13","slug":"tydzien-z-szanusiem-projekt-edukacyjny","status":"publish","type":"post","link":"https:\/\/przedszkole61.edu.wroclaw.pl\/index.php\/2021\/02\/26\/tydzien-z-szanusiem-projekt-edukacyjny\/","title":{"rendered":"&#8222;Tydzie\u0144 z Szanusiem&#8221; &#8211; projekt edukacyjny"},"content":{"rendered":"<div class=\"wpb-content-wrapper\"><p>[vc_row][vc_column][vc_column_text]<strong>W dniach 22. 02. &#8211; 26. 02. 2021 <\/strong><strong>realizowany by\u0142 projekt edukacyjny pt.: &#8222;Tydzie\u0144 z Szanusiem&#8221;.<\/strong><\/p>\n<p><strong>Cele projektu:<\/strong><\/p>\n<ul>\n<li><strong> rozwijanie umiej\u0119tno\u015bci postrzegania warto\u015bci jako drogowskaz\u00f3w w \u017cyciu, <\/strong><\/li>\n<li><strong>poznanie swojego prawa &#8211; prawa do szacunku, <\/strong><\/li>\n<li><strong>zrozumienie, \u017ce nale\u017cy szanowa\u0107 ka\u017cdego cz\u0142owieka, <\/strong><\/li>\n<li><strong>kreowanie sytuacji prowadz\u0105cych do poznania przez dziecko warto\u015bci i norm spo\u0142ecznych, <\/strong><\/li>\n<li><strong>wsp\u00f3\u0142dzia\u0142anie z ca\u0142\u0105 spo\u0142eczno\u015bci\u0105 przedszkoln\u0105 na rzecz warunk\u00f3w umo\u017cliwiaj\u0105cych rozw\u00f3j to\u017csamo\u015bci dziecka.<\/strong><\/li>\n<\/ul>\n<p>&nbsp;<\/p>\n<p><strong>22. 02. (poniedzia\u0142ek)<\/strong><\/p>\n<p>Rano, ka\u017cda grupa otrzyma\u0142a list od Skrzata Szanusia w kt\u00f3rym wyja\u015bni\u0142 on dzieciom, \u017ce przygotowa\u0142 dla nich zadania, po wykonaniu kt\u00f3rych zrozumiej\u0105 &#8222;Co to jest szacunek&#8221;. W tym dniu dzieci dowiedzia\u0142y si\u0119, \u017ce ka\u017cde z nich jest inne, wyj\u0105tkowe, warto\u015bciowe, m\u0105dre, i \u017ce zas\u0142uguje na szacunek.<\/p>\n<p>&nbsp;[\/vc_column_text][vc_media_grid grid_id=&#8221;vc_gid:1618300507767-a9a4b7b3-6b47-3&#8243; include=&#8221;24332,24333,24335,24331,24329,24330,24337,24336,24334&#8243;][vc_column_text]<strong>23. 02. (wtorek)<\/strong><\/p>\n<p>Bawi\u0105c si\u0119 w zabaw\u0119 pt.: Doko\u0144cz zdanie: &#8222;Jestem weso\u0142y, gdy &#8230;&#8221;, i zachowuj\u0105c zasad\u0119 &#8222;gdy jeden m\u00f3wi inni go s\u0142uchaj\u0105&#8221;, dzieci dowiedzia\u0142y si\u0119, \u017ce szacunek, to s\u0142uchanie innych gdy do nas m\u00f3wi\u0105.<\/p>\n<p><strong><img loading=\"lazy\" decoding=\"async\" class=\"alignnone wp-image-24328\" src=\"https:\/\/przedszkole61.edu.wroclaw.pl\/wp-content\/uploads\/sites\/58\/2021\/02\/CIMG8835-300x225.jpg\" alt=\"\" width=\"348\" height=\"261\" srcset=\"https:\/\/przedszkole61.edu.wroclaw.pl\/wp-content\/uploads\/sites\/58\/2021\/02\/CIMG8835-300x225.jpg 300w, https:\/\/przedszkole61.edu.wroclaw.pl\/wp-content\/uploads\/sites\/58\/2021\/02\/CIMG8835-768x576.jpg 768w, https:\/\/przedszkole61.edu.wroclaw.pl\/wp-content\/uploads\/sites\/58\/2021\/02\/CIMG8835-600x450.jpg 600w, https:\/\/przedszkole61.edu.wroclaw.pl\/wp-content\/uploads\/sites\/58\/2021\/02\/CIMG8835.jpg 900w\" sizes=\"auto, (max-width: 348px) 100vw, 348px\" \/><img loading=\"lazy\" decoding=\"async\" class=\"alignnone wp-image-24327\" src=\"https:\/\/przedszkole61.edu.wroclaw.pl\/wp-content\/uploads\/sites\/58\/2021\/02\/CIMG8837-300x225.jpg\" alt=\"\" width=\"348\" height=\"261\" srcset=\"https:\/\/przedszkole61.edu.wroclaw.pl\/wp-content\/uploads\/sites\/58\/2021\/02\/CIMG8837-300x225.jpg 300w, https:\/\/przedszkole61.edu.wroclaw.pl\/wp-content\/uploads\/sites\/58\/2021\/02\/CIMG8837-768x576.jpg 768w, https:\/\/przedszkole61.edu.wroclaw.pl\/wp-content\/uploads\/sites\/58\/2021\/02\/CIMG8837-600x450.jpg 600w, https:\/\/przedszkole61.edu.wroclaw.pl\/wp-content\/uploads\/sites\/58\/2021\/02\/CIMG8837.jpg 900w\" sizes=\"auto, (max-width: 348px) 100vw, 348px\" \/><\/strong><\/p>\n<p><strong>24. 02. (\u015broda)<\/strong><\/p>\n<p>W tym dniu dzieci dowiedzia\u0142y si\u0119, \u017ce niekt\u00f3re s\u0142owa s\u0105 nieprzyjemne, sprawiaj\u0105 nam przykro\u015b\u0107 a czasem rani\u0105. Stwierdzi\u0142y, \u017ce lepiej takich s\u0142\u00f3w nie u\u017cywa\u0107, bo: szanowa\u0107 innych to nie rani\u0107 ich s\u0142owami.<\/p>\n<p><strong>25. 02. (czwartek)<\/strong><\/p>\n<p>Dzieci dowiedzia\u0142y si\u0119, \u017ce s\u0105 magiczne s\u0142owa, kt\u00f3re sprawiaj\u0105, \u017ce ludziom robi si\u0119 mi\u0142o. S\u0105 to proste s\u0142owa kt\u00f3re maj\u0105 moc: <strong>PROSZ\u0118, PRZEPRASZAM, DZI\u0118KUJ\u0118, DZIE\u0143 DOBRY, DO WIDZENIA.<\/strong> By \u0142atwiej zapami\u0119ta\u0107 te s\u0142owa nauczy\u0142y si\u0119 o nich piosenki.<\/p>\n<p><strong>26. 02. (pi\u0105tek)<\/strong><\/p>\n<p>To ju\u017c ostatni dzie\u0144 projektu &#8222;Tydzie\u0144 z Szanusiem&#8221;. Ogl\u0105daj\u0105c ilustracj\u0119 dzieci zastanawia\u0142y si\u0119, co si\u0119 stanie gdy w obu przedstawionych miejscach w\u0142\u0105cz\u0105 g\u0142o\u015bn\u0105 muzyk\u0119 i gdzie i komu b\u0119dzie ona przeszkadza\u0142a. Dosz\u0142y do wniosku, \u017ce szacunek polega na dostrzeganiu potrzeb drugiego cz\u0142owieka. Na zako\u0144czenie dzieci wykona\u0142y grupowe pomara\u0144cze.<\/p>\n<p><span style=\"text-decoration: underline;\"><strong>Czas na podsumowanie:<\/strong><\/span><\/p>\n<p><strong>Szacunek to: rozgl\u0105danie si\u0119 dooko\u0142a, dostrzeganie innych, uwa\u017cne ich s\u0142uchanie, mi\u0142e si\u0119 do nich odzywanie, u\u017cywanie zwrot\u00f3w grzeczno\u015bciowych i pami\u0119tanie, \u017ce ka\u017cdy z nas zas\u0142uguje na szacunek, ka\u017cdy jest inny, lubi co\u015b innego, ale bawimy si\u0119 razem, wszyscy jeste\u015bmy sobie potrzebni i tak jak pomara\u0144cza tworzymy jedn\u0105 ca\u0142o\u015b\u0107.<\/strong>[\/vc_column_text][\/vc_column][\/vc_row][vc_row][vc_column][vc_media_grid grid_id=&#8221;vc_gid:1618300552853-bd1b8418-f7dd-5&#8243; include=&#8221;24322,24320,24318,24319,24316,24323,24326,24324,24314,24311,24313,24310,24315,24317,24327&#8243;][\/vc_column][\/vc_row]<\/p>\n<\/div>","protected":false},"excerpt":{"rendered":"<p>[vc_row][vc_column][vc_column_text]W dniach 22. 02. &#8211; 26. 02. 2021 realizowany by\u0142 projekt edukacyjny pt.: &#8222;Tydzie\u0144 z Szanusiem&#8221;. Cele projektu: rozwijanie umiej\u0119tno\u015bci postrzegania warto\u015bci jako drogowskaz\u00f3w w \u017cyciu, poznanie swojego prawa &#8211; [&hellip;]<\/p>\n","protected":false},"author":186,"featured_media":24309,"comment_status":"closed","ping_status":"open","sticky":false,"template":"","format":"standard","meta":{"ngg_post_thumbnail":0,"footnotes":""},"categories":[8],"tags":[],"class_list":["post-24308","post","type-post","status-publish","format-standard","has-post-thumbnail","hentry","category-wydarzenia","clearfix"],"_links":{"self":[{"href":"https:\/\/przedszkole61.edu.wroclaw.pl\/index.php\/wp-json\/wp\/v2\/posts\/24308","targetHints":{"allow":["GET"]}}],"collection":[{"href":"https:\/\/przedszkole61.edu.wroclaw.pl\/index.php\/wp-json\/wp\/v2\/posts"}],"about":[{"href":"https:\/\/przedszkole61.edu.wroclaw.pl\/index.php\/wp-json\/wp\/v2\/types\/post"}],"author":[{"embeddable":true,"href":"https:\/\/przedszkole61.edu.wroclaw.pl\/index.php\/wp-json\/wp\/v2\/users\/186"}],"replies":[{"embeddable":true,"href":"https:\/\/przedszkole61.edu.wroclaw.pl\/index.php\/wp-json\/wp\/v2\/comments?post=24308"}],"version-history":[{"count":5,"href":"https:\/\/przedszkole61.edu.wroclaw.pl\/index.php\/wp-json\/wp\/v2\/posts\/24308\/revisions"}],"predecessor-version":[{"id":25161,"href":"https:\/\/przedszkole61.edu.wroclaw.pl\/index.php\/wp-json\/wp\/v2\/posts\/24308\/revisions\/25161"}],"wp:featuredmedia":[{"embeddable":true,"href":"https:\/\/przedszkole61.edu.wroclaw.pl\/index.php\/wp-json\/wp\/v2\/media\/24309"}],"wp:attachment":[{"href":"https:\/\/przedszkole61.edu.wroclaw.pl\/index.php\/wp-json\/wp\/v2\/media?parent=24308"}],"wp:term":[{"taxonomy":"category","embeddable":true,"href":"https:\/\/przedszkole61.edu.wroclaw.pl\/index.php\/wp-json\/wp\/v2\/categories?post=24308"},{"taxonomy":"post_tag","embeddable":true,"href":"https:\/\/przedszkole61.edu.wroclaw.pl\/index.php\/wp-json\/wp\/v2\/tags?post=24308"}],"curies":[{"name":"wp","href":"https:\/\/api.w.org\/{rel}","templated":true}]}}