
{"id":24351,"date":"2021-03-10T00:00:00","date_gmt":"2021-03-09T23:00:00","guid":{"rendered":"https:\/\/przedszkole61.edu.wroclaw.pl\/index.php\/2021\/03\/10\/dzien-mezczyzny-w-przedszkolu\/"},"modified":"2021-04-13T09:43:48","modified_gmt":"2021-04-13T07:43:48","slug":"dzien-mezczyzny-w-przedszkolu","status":"publish","type":"post","link":"https:\/\/przedszkole61.edu.wroclaw.pl\/index.php\/2021\/03\/10\/dzien-mezczyzny-w-przedszkolu\/","title":{"rendered":"Dzie\u0144 M\u0119\u017cczyzny w przedszkolu"},"content":{"rendered":"<div class=\"wpb-content-wrapper\"><p>[vc_row][vc_column][vc_column_text]<strong>10 marca 2021<\/strong> \u015bwi\u0119towali\u015bmy w przedszkolu Dzie\u0144 M\u0119\u017cczyzny. Dziewczynki przygotowa\u0142y dla swoich koleg\u00f3w kwiaty i pyszne czekoladki. <strong>Wszystkiego najlepszego Panowie!<a href=\"http:\/\/www.p61.pl\/ogloszenia\/drodzy-rodzice-12\/emoticon_smile\/\" rel=\"attachment wp-att-231\"><img loading=\"lazy\" decoding=\"async\" class=\"alignnone size-full wp-image-231\" src=\"https:\/\/przedszkole61.edu.wroclaw.pl\/wp-content\/uploads\/sites\/58\/2021\/04\/emoticon_smile.png\" alt=\"1% dla przedszkola\" width=\"16\" height=\"16\"><\/a><\/strong>[\/vc_column_text][\/vc_column][\/vc_row][vc_row][vc_column][vc_media_grid grid_id=&#8221;vc_gid:1618299415272-9323154b-9e83-10&#8243; include=&#8221;25147,25148,25149,25150,25151&#8243;][\/vc_column][\/vc_row]<\/p>\n<\/div>","protected":false},"excerpt":{"rendered":"<p>[vc_row][vc_column][vc_column_text]10 marca 2021 \u015bwi\u0119towali\u015bmy w przedszkolu Dzie\u0144 M\u0119\u017cczyzny. Dziewczynki przygotowa\u0142y dla swoich koleg\u00f3w kwiaty i pyszne czekoladki. Wszystkiego najlepszego Panowie![\/vc_column_text][\/vc_column][\/vc_row][vc_row][vc_column][vc_media_grid grid_id=&#8221;vc_gid:1618299415272-9323154b-9e83-10&#8243; include=&#8221;25147,25148,25149,25150,25151&#8243;][\/vc_column][\/vc_row]<\/p>\n","protected":false},"author":186,"featured_media":24352,"comment_status":"closed","ping_status":"open","sticky":false,"template":"","format":"standard","meta":{"ngg_post_thumbnail":0,"footnotes":""},"categories":[8],"tags":[],"class_list":["post-24351","post","type-post","status-publish","format-standard","has-post-thumbnail","hentry","category-wydarzenia","clearfix"],"_links":{"self":[{"href":"https:\/\/przedszkole61.edu.wroclaw.pl\/index.php\/wp-json\/wp\/v2\/posts\/24351","targetHints":{"allow":["GET"]}}],"collection":[{"href":"https:\/\/przedszkole61.edu.wroclaw.pl\/index.php\/wp-json\/wp\/v2\/posts"}],"about":[{"href":"https:\/\/przedszkole61.edu.wroclaw.pl\/index.php\/wp-json\/wp\/v2\/types\/post"}],"author":[{"embeddable":true,"href":"https:\/\/przedszkole61.edu.wroclaw.pl\/index.php\/wp-json\/wp\/v2\/users\/186"}],"replies":[{"embeddable":true,"href":"https:\/\/przedszkole61.edu.wroclaw.pl\/index.php\/wp-json\/wp\/v2\/comments?post=24351"}],"version-history":[{"count":3,"href":"https:\/\/przedszkole61.edu.wroclaw.pl\/index.php\/wp-json\/wp\/v2\/posts\/24351\/revisions"}],"predecessor-version":[{"id":25152,"href":"https:\/\/przedszkole61.edu.wroclaw.pl\/index.php\/wp-json\/wp\/v2\/posts\/24351\/revisions\/25152"}],"wp:featuredmedia":[{"embeddable":true,"href":"https:\/\/przedszkole61.edu.wroclaw.pl\/index.php\/wp-json\/wp\/v2\/media\/24352"}],"wp:attachment":[{"href":"https:\/\/przedszkole61.edu.wroclaw.pl\/index.php\/wp-json\/wp\/v2\/media?parent=24351"}],"wp:term":[{"taxonomy":"category","embeddable":true,"href":"https:\/\/przedszkole61.edu.wroclaw.pl\/index.php\/wp-json\/wp\/v2\/categories?post=24351"},{"taxonomy":"post_tag","embeddable":true,"href":"https:\/\/przedszkole61.edu.wroclaw.pl\/index.php\/wp-json\/wp\/v2\/tags?post=24351"}],"curies":[{"name":"wp","href":"https:\/\/api.w.org\/{rel}","templated":true}]}}