
{"id":24357,"date":"2021-03-10T00:00:00","date_gmt":"2021-03-09T23:00:00","guid":{"rendered":"https:\/\/przedszkole61.edu.wroclaw.pl\/index.php\/2021\/03\/10\/zabierz-torbe-na-zakupy\/"},"modified":"2021-04-13T09:32:33","modified_gmt":"2021-04-13T07:32:33","slug":"zabierz-torbe-na-zakupy","status":"publish","type":"post","link":"https:\/\/przedszkole61.edu.wroclaw.pl\/index.php\/2021\/03\/10\/zabierz-torbe-na-zakupy\/","title":{"rendered":"Zabierz torb\u0119 na zakupy!"},"content":{"rendered":"<div class=\"wpb-content-wrapper\"><p>[vc_row][vc_column][vc_column_text]<strong>Gajowickie Skrzaty<\/strong> zach\u0119caj\u0105 rodzic\u00f3w do zabierania na zakupy eko torby, ozdobionej przez nich samodzielnie. Dzi\u0119ki niej nie trzeba zaopatrywa\u0107 si\u0119 ci\u0105gle w plastikowe torby i chronimy nasze \u015brodowisko. <strong>Mamo, Tato<\/strong> <strong>b\u0105d\u017a eko! Zabierz torb\u0119 na zakupy!<\/strong><\/p>\n<p>&nbsp;[\/vc_column_text][\/vc_column][\/vc_row][vc_row][vc_column][vc_media_grid grid_id=&#8221;vc_gid:1618299024480-d5a1e7d7-eccf-1&#8243; include=&#8221;24365,24361,24360,24363,24362,24359,24358&#8243;][\/vc_column][\/vc_row]<\/p>\n<\/div>","protected":false},"excerpt":{"rendered":"<p>[vc_row][vc_column][vc_column_text]Gajowickie Skrzaty zach\u0119caj\u0105 rodzic\u00f3w do zabierania na zakupy eko torby, ozdobionej przez nich samodzielnie. Dzi\u0119ki niej nie trzeba zaopatrywa\u0107 si\u0119 ci\u0105gle w plastikowe torby i chronimy nasze \u015brodowisko. Mamo, Tato [&hellip;]<\/p>\n","protected":false},"author":186,"featured_media":24358,"comment_status":"closed","ping_status":"open","sticky":false,"template":"","format":"standard","meta":{"ngg_post_thumbnail":0,"footnotes":""},"categories":[8],"tags":[],"class_list":["post-24357","post","type-post","status-publish","format-standard","has-post-thumbnail","hentry","category-wydarzenia","clearfix"],"_links":{"self":[{"href":"https:\/\/przedszkole61.edu.wroclaw.pl\/index.php\/wp-json\/wp\/v2\/posts\/24357","targetHints":{"allow":["GET"]}}],"collection":[{"href":"https:\/\/przedszkole61.edu.wroclaw.pl\/index.php\/wp-json\/wp\/v2\/posts"}],"about":[{"href":"https:\/\/przedszkole61.edu.wroclaw.pl\/index.php\/wp-json\/wp\/v2\/types\/post"}],"author":[{"embeddable":true,"href":"https:\/\/przedszkole61.edu.wroclaw.pl\/index.php\/wp-json\/wp\/v2\/users\/186"}],"replies":[{"embeddable":true,"href":"https:\/\/przedszkole61.edu.wroclaw.pl\/index.php\/wp-json\/wp\/v2\/comments?post=24357"}],"version-history":[{"count":3,"href":"https:\/\/przedszkole61.edu.wroclaw.pl\/index.php\/wp-json\/wp\/v2\/posts\/24357\/revisions"}],"predecessor-version":[{"id":25145,"href":"https:\/\/przedszkole61.edu.wroclaw.pl\/index.php\/wp-json\/wp\/v2\/posts\/24357\/revisions\/25145"}],"wp:featuredmedia":[{"embeddable":true,"href":"https:\/\/przedszkole61.edu.wroclaw.pl\/index.php\/wp-json\/wp\/v2\/media\/24358"}],"wp:attachment":[{"href":"https:\/\/przedszkole61.edu.wroclaw.pl\/index.php\/wp-json\/wp\/v2\/media?parent=24357"}],"wp:term":[{"taxonomy":"category","embeddable":true,"href":"https:\/\/przedszkole61.edu.wroclaw.pl\/index.php\/wp-json\/wp\/v2\/categories?post=24357"},{"taxonomy":"post_tag","embeddable":true,"href":"https:\/\/przedszkole61.edu.wroclaw.pl\/index.php\/wp-json\/wp\/v2\/tags?post=24357"}],"curies":[{"name":"wp","href":"https:\/\/api.w.org\/{rel}","templated":true}]}}