
{"id":24388,"date":"2021-03-13T00:00:00","date_gmt":"2021-03-12T23:00:00","guid":{"rendered":"https:\/\/przedszkole61.edu.wroclaw.pl\/index.php\/2021\/03\/13\/tydzien-z-tolerusiem-projekt-edukacyjny\/"},"modified":"2021-05-05T13:31:10","modified_gmt":"2021-05-05T11:31:10","slug":"tydzien-z-tolerusiem-projekt-edukacyjny","status":"publish","type":"post","link":"https:\/\/przedszkole61.edu.wroclaw.pl\/index.php\/2021\/03\/13\/tydzien-z-tolerusiem-projekt-edukacyjny\/","title":{"rendered":"&#8222;Tydzie\u0144 z Tolerusiem&#8221; &#8211; projekt edukacyjny"},"content":{"rendered":"<div class=\"wpb-content-wrapper\"><p>[vc_row][vc_column][vc_column_text]<strong>W dniach 8. 03. \u2013 12. 03.<\/strong> <strong>2021<\/strong> realizowany by\u0142 projekt edukacyjny pt.: \u201eTydzie\u0144 z Tolerusiem\u201d. Cele projektu: kszta\u0142towanie w\u015br\u00f3d dzieci postaw tolerancji, akceptacji i wra\u017cliwo\u015bci.<\/p>\n<p><strong>Hej! To ja \u2013 Wasz przyjaciel Toleru\u015b. Bardzo si\u0119 ciesz\u0119, \u017ce by\u0142em Waszym honorowym go\u015bciem w tym tygodniu. Ale c\u00f3\u017c to by\u0142 za tydzie\u0144 \u2026 radosny, ciekawy i edukacyjny.<\/strong><\/p>\n<p><strong> By\u0142 to czas bli\u017cszego, wzajemnego poznania si\u0119. Podzieli\u0142em si\u0119 z Wami moimi obserwacjami z woja\u017cy po \u015bwiecie a Wy zaprezentowali\u015bcie swoje zdolno\u015bci teatralne, muzyczne, taneczne i plastyczne. Kiedy\u015b du\u017co podr\u00f3\u017cowa\u0142em, by\u0142em na wszystkich kontynentach i prawie we wszystkich krajach. Co tam robi\u0142em? Obserwowa\u0142em ludzi, przygl\u0105da\u0142em si\u0119 dzieciom i wiecie do jakiego wniosku doszed\u0142em? \u017be \u2026r\u00f3\u017cne dzieci s\u0105 na \u015bwiecie \u2026r\u00f3\u017cni ludzie s\u0105 \u2026ale cho\u0107 ka\u017cdy jest inny to wszyscy wyj\u0105tkowi \u2026i tego w\u0142a\u015bnie nauczyli\u015bmy si\u0119 w tym tygodniu.<\/strong>[\/vc_column_text][vc_media_grid grid_id=&#8221;vc_gid:1618298261349-05809136-9e91-0&#8243; include=&#8221;24402,24403,24399,24401,24400,24397,24395,24398,24396&#8243;][vc_column_text]<b>Poniedzia\u0142ek (08. 03. 2021)<\/b> rozpocz\u0119li\u015bmy spotkanie od wsp\u00f3lnego od\u015bpiewania Hymnu przedszkola oraz prezentacji przez grup\u0119 IV wiersza pt.: \u201eToleru\u015b\u201d. Mia\u0142em tutaj swoje\u201e5 minut\u201d \u2013 mog\u0142em opowiedzie\u0107 co\u015b o sobie np. co oznacza moje imi\u0119, jaki jestem oraz podzieli\u0107 si\u0119 wra\u017ceniami podr\u00f3\u017cniczymi. Nast\u0119pnie dzieci z grupy IV poprzez inscenizacj\u0119 \u201eMy Dzieci \u015awiata\u201d zapozna\u0142y swoje kole\u017canki i koleg\u00f3w ze zwyczajami dzieci z r\u00f3\u017cnych kontynent\u00f3w. Na koniec poniedzia\u0142kowego spotkania dzieci za\u015bpiewa\u0142y piosenk\u0119 pt.: \u201eTolerancja\u201d.<\/p>\n\n<p><b>We wtorek (9. 03. 2021)<\/b> s\u0142uchali\u015bmy bajek i opowiada\u0144 o tolerancji czytanych przez nauczycielki; wsp\u00f3lnie je analizowali\u015bmy, wyci\u0105gali\u015bmy wnioski (ach, jakie te Gajowickie Skrzaty s\u0105 m\u0105dre), utrwalali\u015bmy wiersz o Tolerusiu, s\u0142uchali\u015bmy i \u015bpiewali\u015bmy piosenki \u201eTolerancja\u201d i \u201eKa\u017cdy jest inny\u201d.<\/p>\n<p><strong>&#8222;Tolerancja&#8221;<\/strong><\/p>\n<p><a title=\"tolerancja\" href=\"https:\/\/przedszkole61.edu.wroclaw.pl\/wp-content\/uploads\/sites\/58\/2021\/04\/08-Sciezka-81.mp3\">https:\/\/przedszkole61.edu.wroclaw.pl\/wp-content\/uploads\/sites\/58\/2021\/04\/08-Sciezka-81.mp3<\/a><\/p>\n<p>s\u0142owa piosenki (do pobrania w formie pliku):<\/p>\n<p><a title=\"s\u0142owa 2\" href=\"https:\/\/przedszkole61.edu.wroclaw.pl\/wp-content\/uploads\/sites\/58\/2021\/04\/tolerancja.docx\">https:\/\/przedszkole61.edu.wroclaw.pl\/wp-content\/uploads\/sites\/58\/2021\/04\/tolerancja.docx<\/a><\/p>\n<p><strong>&#8222;Ka\u017cdy jest inny&#8221;<\/strong><\/p>\n<p><a title=\"ka\u017cdy jest inny\" href=\"https:\/\/przedszkole61.edu.wroclaw.pl\/wp-content\/uploads\/sites\/58\/2021\/04\/kazdy-jest-inny-piosenki-i-rymowanki-dla-dzieci-little-baby-bum-po-polsku2-mp3cut.net_.mp3\">https:\/\/przedszkole61.edu.wroclaw.pl\/wp-content\/uploads\/sites\/58\/2021\/04\/kazdy-jest-inny-piosenki-i-rymowanki-dla-dzieci-little-baby-bum-po-polsku2-mp3cut.net_.mp3<\/a><\/p>\n<p>s\u0142owa piosenki (do pobrania w formie pliku):<\/p>\n<p><a title=\"s\u0142owa\" href=\"https:\/\/przedszkole61.edu.wroclaw.pl\/wp-content\/uploads\/sites\/58\/2021\/04\/Kazdy-jest-inny.docx\">https:\/\/przedszkole61.edu.wroclaw.pl\/wp-content\/uploads\/sites\/58\/2021\/04\/Kazdy-jest-inny.docx<\/a><\/p>\n<p><b>\u015aroda (10. 03.2021)<\/b> by\u0142a dniem prezentacji multimedialnej z wykorzystaniem tablicy interaktywnej. Obejrzane przez nas bajki: \u201eKa\u017cdy jest inny\u201d, \u201eMy dzieci \u015bwiata\u201d oraz kr\u00f3tkiej historii o tolerancji \u201eUrodziny Ma\u0107ka&#8221;, pokaza\u0142y, \u017ce dzieci potrafi\u0105 odnale\u017a\u0107 my\u015bl przewodni\u0105, \u017ce&nbsp; \u2026 dzieci s\u0105 r\u00f3\u017cne i ka\u017cdy jest wa\u017cny i niepowtarzalny (czy\u017c nie jest to cudowne?).<\/p>\n<p><b>W czwartek (11. 03. 2021)<\/b> by\u0142o muzycznie, czyli \u2026\u015bpiewaj\u0105co i tanecznie. By\u0142y zabawy ruchowe \u201eJestem Chinka\u201d, \u201eMurzynek Malutki\u201d, \u201eJestem Polk\u0105 \u2013 Ty Polakiem a przy ta\u0144cu \u201eToler Dance\u201d by\u0142o du\u017co \u015bmiechu (atmosfera by\u0142a naprawd\u0119 radosna).<\/p>\n<p><b>Pi\u0105tek (12. 03. 2021)<\/b> by\u0142 dniem dzia\u0142alno\u015bci plastycznej oraz podsumowaniem ca\u0142ego tygodnia. Teraz ju\u017c wiemy, \u017ce <b>\u201eTolerancja, tolerancja innym ludziom pomagamy, Tolerancja, tolerancja z innych si\u0119 nie wy\u015bmiewamy \u2026\u201d<\/b> i odpowiedzmy sobie na pytanie: <b>Czy by\u0142oby Ci mi\u0142o gdyby\u015b to Ty by\u0142 wy\u015bmiewany?<\/b>[\/vc_column_text][\/vc_column][vc_column][vc_media_grid grid_id=&#8221;vc_gid:1618298261350-f94bcd45-886d-9&#8243; include=&#8221;24393,24390,24391,24392,24389&#8243;][\/vc_column][\/vc_row]<\/p>\n<\/div>","protected":false},"excerpt":{"rendered":"<p>[vc_row][vc_column][vc_column_text]W dniach 8. 03. \u2013 12. 03. 2021 realizowany by\u0142 projekt edukacyjny pt.: \u201eTydzie\u0144 z Tolerusiem\u201d. Cele projektu: kszta\u0142towanie w\u015br\u00f3d dzieci postaw tolerancji, akceptacji i wra\u017cliwo\u015bci. Hej! To ja \u2013 [&hellip;]<\/p>\n","protected":false},"author":186,"featured_media":25254,"comment_status":"closed","ping_status":"open","sticky":false,"template":"","format":"standard","meta":{"ngg_post_thumbnail":0,"footnotes":""},"categories":[8],"tags":[],"class_list":["post-24388","post","type-post","status-publish","format-standard","has-post-thumbnail","hentry","category-wydarzenia","clearfix"],"_links":{"self":[{"href":"https:\/\/przedszkole61.edu.wroclaw.pl\/index.php\/wp-json\/wp\/v2\/posts\/24388","targetHints":{"allow":["GET"]}}],"collection":[{"href":"https:\/\/przedszkole61.edu.wroclaw.pl\/index.php\/wp-json\/wp\/v2\/posts"}],"about":[{"href":"https:\/\/przedszkole61.edu.wroclaw.pl\/index.php\/wp-json\/wp\/v2\/types\/post"}],"author":[{"embeddable":true,"href":"https:\/\/przedszkole61.edu.wroclaw.pl\/index.php\/wp-json\/wp\/v2\/users\/186"}],"replies":[{"embeddable":true,"href":"https:\/\/przedszkole61.edu.wroclaw.pl\/index.php\/wp-json\/wp\/v2\/comments?post=24388"}],"version-history":[{"count":7,"href":"https:\/\/przedszkole61.edu.wroclaw.pl\/index.php\/wp-json\/wp\/v2\/posts\/24388\/revisions"}],"predecessor-version":[{"id":25131,"href":"https:\/\/przedszkole61.edu.wroclaw.pl\/index.php\/wp-json\/wp\/v2\/posts\/24388\/revisions\/25131"}],"wp:featuredmedia":[{"embeddable":true,"href":"https:\/\/przedszkole61.edu.wroclaw.pl\/index.php\/wp-json\/wp\/v2\/media\/25254"}],"wp:attachment":[{"href":"https:\/\/przedszkole61.edu.wroclaw.pl\/index.php\/wp-json\/wp\/v2\/media?parent=24388"}],"wp:term":[{"taxonomy":"category","embeddable":true,"href":"https:\/\/przedszkole61.edu.wroclaw.pl\/index.php\/wp-json\/wp\/v2\/categories?post=24388"},{"taxonomy":"post_tag","embeddable":true,"href":"https:\/\/przedszkole61.edu.wroclaw.pl\/index.php\/wp-json\/wp\/v2\/tags?post=24388"}],"curies":[{"name":"wp","href":"https:\/\/api.w.org\/{rel}","templated":true}]}}