
{"id":24405,"date":"2021-03-22T00:00:00","date_gmt":"2021-03-21T23:00:00","guid":{"rendered":"https:\/\/przedszkole61.edu.wroclaw.pl\/index.php\/2021\/03\/22\/dzien-nowych-technologii-w-edukacji\/"},"modified":"2021-04-13T09:05:28","modified_gmt":"2021-04-13T07:05:28","slug":"dzien-nowych-technologii-w-edukacji","status":"publish","type":"post","link":"https:\/\/przedszkole61.edu.wroclaw.pl\/index.php\/2021\/03\/22\/dzien-nowych-technologii-w-edukacji\/","title":{"rendered":"Dzie\u0144 Nowych Technologii w Edukacji"},"content":{"rendered":"<div class=\"wpb-content-wrapper\"><p>[vc_row][vc_column][vc_column_text]<strong>22 marca 2021 obchodzimy Dzie\u0144 Nowych Technologii w Edukacji.<\/strong> To inicjatywa Ministerstwa Edukacji i Nauki, kt\u00f3rej celem jest popularyzowanie technologii informacyjno &#8211; komunikacyjnych wykorzystywanych w pracy w przedszkolu i szkole.<!--more--> Dzieci z grupy II wzi\u0119\u0142y dzi\u015b udzia\u0142 w zaj\u0119ciach edukacyjnych podczas kt\u00f3rych dowiedzia\u0142y si\u0119 co to s\u0105 nowe technologie, pozna\u0142y zastosowanie i dzia\u0142anie laptopa oraz tablicy multimedialnej. Obejrza\u0142y film edukacyjny o wio\u015bnie, a spaceruj\u0105c po ogrodzie wykorzysta\u0142y cyfrowy aparat fotograficzny do udokumentowania znalezionych oznak wiosny.[\/vc_column_text][\/vc_column][\/vc_row][vc_row][vc_column][vc_media_grid grid_id=&#8221;vc_gid:1618297455763-58158c68-5517-10&#8243; include=&#8221;24419,24418,24415,24416,24417,24414,24411,24413,24412,24407,24409,24410,24408&#8243;][\/vc_column][\/vc_row]<\/p>\n<\/div>","protected":false},"excerpt":{"rendered":"<p>[vc_row][vc_column][vc_column_text]22 marca 2021 obchodzimy Dzie\u0144 Nowych Technologii w Edukacji. To inicjatywa Ministerstwa Edukacji i Nauki, kt\u00f3rej celem jest popularyzowanie technologii informacyjno &#8211; komunikacyjnych wykorzystywanych w pracy w przedszkolu i szkole.<\/p>\n","protected":false},"author":186,"featured_media":24406,"comment_status":"closed","ping_status":"open","sticky":false,"template":"","format":"standard","meta":{"ngg_post_thumbnail":0,"footnotes":""},"categories":[8],"tags":[],"class_list":["post-24405","post","type-post","status-publish","format-standard","has-post-thumbnail","hentry","category-wydarzenia","clearfix"],"_links":{"self":[{"href":"https:\/\/przedszkole61.edu.wroclaw.pl\/index.php\/wp-json\/wp\/v2\/posts\/24405","targetHints":{"allow":["GET"]}}],"collection":[{"href":"https:\/\/przedszkole61.edu.wroclaw.pl\/index.php\/wp-json\/wp\/v2\/posts"}],"about":[{"href":"https:\/\/przedszkole61.edu.wroclaw.pl\/index.php\/wp-json\/wp\/v2\/types\/post"}],"author":[{"embeddable":true,"href":"https:\/\/przedszkole61.edu.wroclaw.pl\/index.php\/wp-json\/wp\/v2\/users\/186"}],"replies":[{"embeddable":true,"href":"https:\/\/przedszkole61.edu.wroclaw.pl\/index.php\/wp-json\/wp\/v2\/comments?post=24405"}],"version-history":[{"count":4,"href":"https:\/\/przedszkole61.edu.wroclaw.pl\/index.php\/wp-json\/wp\/v2\/posts\/24405\/revisions"}],"predecessor-version":[{"id":25130,"href":"https:\/\/przedszkole61.edu.wroclaw.pl\/index.php\/wp-json\/wp\/v2\/posts\/24405\/revisions\/25130"}],"wp:featuredmedia":[{"embeddable":true,"href":"https:\/\/przedszkole61.edu.wroclaw.pl\/index.php\/wp-json\/wp\/v2\/media\/24406"}],"wp:attachment":[{"href":"https:\/\/przedszkole61.edu.wroclaw.pl\/index.php\/wp-json\/wp\/v2\/media?parent=24405"}],"wp:term":[{"taxonomy":"category","embeddable":true,"href":"https:\/\/przedszkole61.edu.wroclaw.pl\/index.php\/wp-json\/wp\/v2\/categories?post=24405"},{"taxonomy":"post_tag","embeddable":true,"href":"https:\/\/przedszkole61.edu.wroclaw.pl\/index.php\/wp-json\/wp\/v2\/tags?post=24405"}],"curies":[{"name":"wp","href":"https:\/\/api.w.org\/{rel}","templated":true}]}}