
{"id":24703,"date":"2015-10-15T00:00:00","date_gmt":"2015-10-14T22:00:00","guid":{"rendered":"https:\/\/przedszkole61.edu.wroclaw.pl\/index.php\/2015\/10\/15\/usmiechniety-swiat-zuzi-i-felka-spotkanie-z-lekarzem-stomatologiem\/"},"modified":"2015-10-15T00:00:00","modified_gmt":"2015-10-14T22:00:00","slug":"usmiechniety-swiat-zuzi-i-felka-spotkanie-z-lekarzem-stomatologiem","status":"publish","type":"post","link":"https:\/\/przedszkole61.edu.wroclaw.pl\/index.php\/2015\/10\/15\/usmiechniety-swiat-zuzi-i-felka-spotkanie-z-lekarzem-stomatologiem\/","title":{"rendered":"&#8222;U\u015bmiechni\u0119ty \u015bwiat Zuzi i Felka&#8221; &#8211; spotkanie z lekarzem stomatologiem"},"content":{"rendered":"<p><strong>15 pa\u017adziernika 2015<\/strong> odby\u0142o si\u0119 we wszystkich grupach wiekowych spotkanie z lekarzem stomatologiem &#8211; pani\u0105 Izabel\u0105 Tokarz, w ramach realizacji V edycji programu &#8222;Profilaktyka pr\u00f3chnicy z\u0119b\u00f3w u dzieci w wieku przedszkolnym&#8221;.<!--more--> Pani doktor na modelu szcz\u0119ki zademonstrowa\u0142a prawid\u0142owy spos\u00f3b mycia z\u0119b\u00f3w, przypomnia\u0142a dzieciom, \u017ce z\u0105bki powinny by\u0107 czyszczone po ka\u017cdym posi\u0142ku lub przynajmniej rano i wieczorem. Zach\u0119ca\u0142a dzieci do spo\u017cywania warzyw i owoc\u00f3w, chrupania surowej marchewki i zjadania sur\u00f3wek. Podczas spotkania przedszkolaki obejrza\u0142y tak\u017ce narz\u0119dzia dentystyczne &#8211; zg\u0142\u0119bnik i lusterko.<\/p>\n<p><strong>Pani doktor przypomina rodzicom, \u017ce od najm\u0142odszych lat powinni my\u0107 z\u0119by swoim dzieciom, oko\u0142o 7 roku \u017cycia dziecko osi\u0105ga sprawno\u015b\u0107 manualn\u0105 i mo\u017ce my\u0107 z\u0119by samodzielnie ale pod kontrol\u0105 rodzica!<\/strong><\/p>\n<p><strong>Pani Izabela Tokarz, stomatologiczny opiekun dzieci naszego przedszkola, wykonuje zabiegi profilaktyczno &#8211; lecznicze w ramach NFZ, w gabinecie przy ul. Powsta\u0144c\u00f3w \u015al\u0105skich 118 p. 4, po uprzedniej telefonicznej rejestracji. Serdecznie zapraszmy wszystkie przedszkolaki do wizyty w gabinecie pani doktor wsp\u00f3lnie z mam\u0105 i tat\u0105.<\/strong><\/p>\n\n","protected":false},"excerpt":{"rendered":"<p>15 pa\u017adziernika 2015 odby\u0142o si\u0119 we wszystkich grupach wiekowych spotkanie z lekarzem stomatologiem &#8211; pani\u0105 Izabel\u0105 Tokarz, w ramach realizacji V edycji programu &#8222;Profilaktyka pr\u00f3chnicy z\u0119b\u00f3w u dzieci w wieku [&hellip;]<\/p>\n","protected":false},"author":186,"featured_media":24704,"comment_status":"closed","ping_status":"open","sticky":false,"template":"","format":"standard","meta":{"ngg_post_thumbnail":0,"footnotes":""},"categories":[8],"tags":[],"class_list":["post-24703","post","type-post","status-publish","format-standard","has-post-thumbnail","hentry","category-wydarzenia","clearfix"],"_links":{"self":[{"href":"https:\/\/przedszkole61.edu.wroclaw.pl\/index.php\/wp-json\/wp\/v2\/posts\/24703","targetHints":{"allow":["GET"]}}],"collection":[{"href":"https:\/\/przedszkole61.edu.wroclaw.pl\/index.php\/wp-json\/wp\/v2\/posts"}],"about":[{"href":"https:\/\/przedszkole61.edu.wroclaw.pl\/index.php\/wp-json\/wp\/v2\/types\/post"}],"author":[{"embeddable":true,"href":"https:\/\/przedszkole61.edu.wroclaw.pl\/index.php\/wp-json\/wp\/v2\/users\/186"}],"replies":[{"embeddable":true,"href":"https:\/\/przedszkole61.edu.wroclaw.pl\/index.php\/wp-json\/wp\/v2\/comments?post=24703"}],"version-history":[{"count":0,"href":"https:\/\/przedszkole61.edu.wroclaw.pl\/index.php\/wp-json\/wp\/v2\/posts\/24703\/revisions"}],"wp:featuredmedia":[{"embeddable":true,"href":"https:\/\/przedszkole61.edu.wroclaw.pl\/index.php\/wp-json\/wp\/v2\/media\/24704"}],"wp:attachment":[{"href":"https:\/\/przedszkole61.edu.wroclaw.pl\/index.php\/wp-json\/wp\/v2\/media?parent=24703"}],"wp:term":[{"taxonomy":"category","embeddable":true,"href":"https:\/\/przedszkole61.edu.wroclaw.pl\/index.php\/wp-json\/wp\/v2\/categories?post=24703"},{"taxonomy":"post_tag","embeddable":true,"href":"https:\/\/przedszkole61.edu.wroclaw.pl\/index.php\/wp-json\/wp\/v2\/tags?post=24703"}],"curies":[{"name":"wp","href":"https:\/\/api.w.org\/{rel}","templated":true}]}}