
{"id":25561,"date":"2021-07-29T12:44:13","date_gmt":"2021-07-29T10:44:13","guid":{"rendered":"https:\/\/przedszkole61.edu.wroclaw.pl\/?p=25561"},"modified":"2021-07-29T12:45:02","modified_gmt":"2021-07-29T10:45:02","slug":"tydzien-z-pomagusiem-projekt-edukacyjny","status":"publish","type":"post","link":"https:\/\/przedszkole61.edu.wroclaw.pl\/index.php\/2021\/07\/29\/tydzien-z-pomagusiem-projekt-edukacyjny\/","title":{"rendered":"\u201eTydzie\u0144 z Pomagusiem\u201d \u2013 projekt edukacyjny"},"content":{"rendered":"<div class=\"wpb-content-wrapper\"><p>[vc_row][vc_column][vc_column_text]W dniach 7. 06. \u2013 11. 06. 2021 realizowany by\u0142 projekt edukacyjny pt.: \u201eTydzie\u0144 z Pomagusiem\u201d. Cel g\u0142\u00f3wny: uwra\u017cliwienie na potrzeby innych ludzi i u\u015bwiadomienie konieczno\u015bci niesienia pomocy.<\/p>\n<p>Dzie\u0144 dobry Gajowickie Skrzaty! Jestem Pomagu\u015b, nosz\u0119 pomara\u0144czowe ubranko i mieszkam w grupie I. W tym tygodniu zale\u017ca\u0142o mi na tym, aby pozna\u0142y mnie wszystkie dzieci z naszego przedszkola. Mam nadziej\u0119, \u017ce: zabawy, piosenki, wiersze, has\u0142a i filmy edukacyjne, kt\u00f3re dla Was przygotowa\u0142em sprawi\u0142y Wam du\u017co przyjemno\u015bci ale tak\u017ce u\u015bwiadomi\u0142y, \u017ce: \u201ePomagaj\u0105c innym \u2013 sami jeste\u015bmy szcz\u0119\u015bliwi\u201d. Dlatego prosz\u0119: nie szcz\u0119d\u017acie wysi\u0142k\u00f3w i pomagajcie tym, kt\u00f3rzy Waszej pomocy potrzebuj\u0105.<\/p>\n<p>7. 06.2021<br \/>\nW poniedzia\u0142ek rozpocz\u0119li\u015bmy spotkanie od wsp\u00f3lnego od\u015bpiewania Hymnu przedszkola oraz prezentacji przez grup\u0119 I piosenek o pomaganiu i wiersza pt.: \u201eMy jeste\u015bmy Pomagusie\u201d. Przez ca\u0142y dzie\u0144 Gajowickie Skrzaty s\u0142ucha\u0142y bajek i opowiada\u0144 o pomaganiu, rysowa\u0142y portret Pomagusia oraz zastanawia\u0142y si\u0119 dlaczego warto pomaga\u0107.[\/vc_column_text][vc_media_grid grid_id=&#8221;vc_gid:1627555106515-3cf72998-6f33-6&#8243; include=&#8221;25562,25563,25564,25565,25566,25567,25568,25569,25570,25571,25572,25573,25574,25575,25576,25577,25578,25579&#8243;][vc_column_text]8. 06. 2021<br \/>\nWe wtorek Gajowickie Skrzaty weso\u0142o ta\u0144czy\u0142y z Pomagusiem \u201eTaniec Pomaganiec\u201d. Bawi\u0142y si\u0119 z nim w zabawy i gry edukacyjne oraz wykonywa\u0142y karty pracy pt.: \u201ePomocne dzieci\u201d, by dowiedzie\u0107 si\u0119, \u017ce pomaga\u0107 innym mo\u017cna na wiele sposob\u00f3w.[\/vc_column_text][vc_media_grid grid_id=&#8221;vc_gid:1627555181001-fdeff3c4-6c8e-4&#8243; include=&#8221;25580,25581,25582&#8243;][vc_column_text]9. 06. 2021<br \/>\nW \u015brod\u0119 Gajowickie Skrzaty opowiada\u0142y Pomagusiowi, w jaki spos\u00f3b pomagaj\u0105 swoim rodzicom. Dowiedzia\u0142y si\u0119 te\u017c, \u017ce symbolem, kt\u00f3rym mo\u017cna wyrazi\u0107 ch\u0119\u0107 pomocy drugiej osobie jest wyci\u0105gni\u0119ta \u201epomocna d\u0142o\u0144\u201d. Je\u015bli kto\u015b chce pom\u00f3c mamie lub tacie albo chce wesprze\u0107 w czym\u015b kole\u017cank\u0119 lub koleg\u0119 \u2013 wystarczy, \u017ce wyci\u0105gnie do nich praw\u0105 d\u0142o\u0144 i powie: \u201ePomog\u0119 Ci!\u201d.[\/vc_column_text][vc_media_grid grid_id=&#8221;vc_gid:1627555233172-67e5cbf0-c80e-7&#8243; include=&#8221;25583,25584,25585&#8243;][vc_column_text]10. 06. 2021<br \/>\nW czwartek Skrzat Pomagu\u015b zaprosi\u0142 dzieci do ogl\u0105dania film\u00f3w i bajek rysunkowych, m. in.: \u201ePomagaj\u0105c innym pomagasz sobie\u201d, \u201eTosia i Tymek pomagaj\u0105 tacie\u201d, \u201ePrzygody Rozi \u2013 pomaganie innym\u201d, \u201eReksio piel\u0119gniarz\u201d, \u201eBrat i siostra \u2013 bajka o pomaganiu innym\u201d.[\/vc_column_text][vc_media_grid grid_id=&#8221;vc_gid:1627555299937-bf64bb2a-b133-6&#8243; include=&#8221;25586,25587&#8243;][vc_column_text]11. 06. 2021<br \/>\nW pi\u0105tek Skrzat Pomagu\u015b podziwia\u0142 wykonane przez wszystkie grupy prace plastyczne zwi\u0105zane z tematem pomagania.[\/vc_column_text][vc_media_grid grid_id=&#8221;vc_gid:1627555388413-822e7ea3-6867-5&#8243; include=&#8221;25588,25589,25590,25591,25592&#8243;][vc_column_text]<strong>POMAGANIE JEST FAJNE!<\/strong>[\/vc_column_text][\/vc_column][\/vc_row]<\/p>\n<\/div>","protected":false},"excerpt":{"rendered":"<p>[vc_row][vc_column][vc_column_text]W dniach 7. 06. \u2013 11. 06. 2021 realizowany by\u0142 projekt edukacyjny pt.: \u201eTydzie\u0144 z Pomagusiem\u201d. Cel g\u0142\u00f3wny: uwra\u017cliwienie na potrzeby innych ludzi i u\u015bwiadomienie konieczno\u015bci niesienia pomocy. Dzie\u0144 dobry [&hellip;]<\/p>\n","protected":false},"author":15,"featured_media":25571,"comment_status":"closed","ping_status":"closed","sticky":false,"template":"","format":"standard","meta":{"ngg_post_thumbnail":0,"footnotes":""},"categories":[8],"tags":[],"class_list":["post-25561","post","type-post","status-publish","format-standard","has-post-thumbnail","hentry","category-wydarzenia","clearfix"],"_links":{"self":[{"href":"https:\/\/przedszkole61.edu.wroclaw.pl\/index.php\/wp-json\/wp\/v2\/posts\/25561","targetHints":{"allow":["GET"]}}],"collection":[{"href":"https:\/\/przedszkole61.edu.wroclaw.pl\/index.php\/wp-json\/wp\/v2\/posts"}],"about":[{"href":"https:\/\/przedszkole61.edu.wroclaw.pl\/index.php\/wp-json\/wp\/v2\/types\/post"}],"author":[{"embeddable":true,"href":"https:\/\/przedszkole61.edu.wroclaw.pl\/index.php\/wp-json\/wp\/v2\/users\/15"}],"replies":[{"embeddable":true,"href":"https:\/\/przedszkole61.edu.wroclaw.pl\/index.php\/wp-json\/wp\/v2\/comments?post=25561"}],"version-history":[{"count":1,"href":"https:\/\/przedszkole61.edu.wroclaw.pl\/index.php\/wp-json\/wp\/v2\/posts\/25561\/revisions"}],"predecessor-version":[{"id":25593,"href":"https:\/\/przedszkole61.edu.wroclaw.pl\/index.php\/wp-json\/wp\/v2\/posts\/25561\/revisions\/25593"}],"wp:featuredmedia":[{"embeddable":true,"href":"https:\/\/przedszkole61.edu.wroclaw.pl\/index.php\/wp-json\/wp\/v2\/media\/25571"}],"wp:attachment":[{"href":"https:\/\/przedszkole61.edu.wroclaw.pl\/index.php\/wp-json\/wp\/v2\/media?parent=25561"}],"wp:term":[{"taxonomy":"category","embeddable":true,"href":"https:\/\/przedszkole61.edu.wroclaw.pl\/index.php\/wp-json\/wp\/v2\/categories?post=25561"},{"taxonomy":"post_tag","embeddable":true,"href":"https:\/\/przedszkole61.edu.wroclaw.pl\/index.php\/wp-json\/wp\/v2\/tags?post=25561"}],"curies":[{"name":"wp","href":"https:\/\/api.w.org\/{rel}","templated":true}]}}