
{"id":25777,"date":"2021-09-03T00:00:30","date_gmt":"2021-09-02T22:00:30","guid":{"rendered":"https:\/\/przedszkole61.edu.wroclaw.pl\/?p=25777"},"modified":"2021-09-03T00:05:32","modified_gmt":"2021-09-02T22:05:32","slug":"chor-w-przedszkolu-w-ramach-programu-spiewajaca-polska","status":"publish","type":"post","link":"https:\/\/przedszkole61.edu.wroclaw.pl\/index.php\/2021\/09\/03\/chor-w-przedszkolu-w-ramach-programu-spiewajaca-polska\/","title":{"rendered":"Ch\u00f3r w przedszkolu w ramach programu &#8222;\u015apiewaj\u0105ca Polska&#8221;"},"content":{"rendered":"<p><strong>Zaj\u0119cia rozpoczynaj\u0105 si\u0119 od 09. 09. 2021 r.<\/strong> <strong>Dzieci, kt\u00f3re uczestniczy\u0142y w zaj\u0119ciach s\u0105 ju\u017c zapisanie. Zgody na udzia\u0142 dziecka w ch\u00f3rze, do wype\u0142nienia w szatni przedszkola. <\/strong><\/p>\n<p><strong>Zapisy dotycz\u0105 dzieci z grupy: II, III, IV i V<\/strong><\/p>\n","protected":false},"excerpt":{"rendered":"<p>Zaj\u0119cia rozpoczynaj\u0105 si\u0119 od 09. 09. 2021 r. Dzieci, kt\u00f3re uczestniczy\u0142y w zaj\u0119ciach s\u0105 ju\u017c zapisanie. Zgody na udzia\u0142 dziecka w ch\u00f3rze, do wype\u0142nienia w szatni przedszkola. Zapisy dotycz\u0105 dzieci [&hellip;]<\/p>\n","protected":false},"author":241,"featured_media":25779,"comment_status":"closed","ping_status":"closed","sticky":false,"template":"","format":"standard","meta":{"ngg_post_thumbnail":0,"footnotes":""},"categories":[1],"tags":[],"class_list":["post-25777","post","type-post","status-publish","format-standard","has-post-thumbnail","hentry","category-aktualnosci","clearfix"],"_links":{"self":[{"href":"https:\/\/przedszkole61.edu.wroclaw.pl\/index.php\/wp-json\/wp\/v2\/posts\/25777","targetHints":{"allow":["GET"]}}],"collection":[{"href":"https:\/\/przedszkole61.edu.wroclaw.pl\/index.php\/wp-json\/wp\/v2\/posts"}],"about":[{"href":"https:\/\/przedszkole61.edu.wroclaw.pl\/index.php\/wp-json\/wp\/v2\/types\/post"}],"author":[{"embeddable":true,"href":"https:\/\/przedszkole61.edu.wroclaw.pl\/index.php\/wp-json\/wp\/v2\/users\/241"}],"replies":[{"embeddable":true,"href":"https:\/\/przedszkole61.edu.wroclaw.pl\/index.php\/wp-json\/wp\/v2\/comments?post=25777"}],"version-history":[{"count":1,"href":"https:\/\/przedszkole61.edu.wroclaw.pl\/index.php\/wp-json\/wp\/v2\/posts\/25777\/revisions"}],"predecessor-version":[{"id":25778,"href":"https:\/\/przedszkole61.edu.wroclaw.pl\/index.php\/wp-json\/wp\/v2\/posts\/25777\/revisions\/25778"}],"wp:featuredmedia":[{"embeddable":true,"href":"https:\/\/przedszkole61.edu.wroclaw.pl\/index.php\/wp-json\/wp\/v2\/media\/25779"}],"wp:attachment":[{"href":"https:\/\/przedszkole61.edu.wroclaw.pl\/index.php\/wp-json\/wp\/v2\/media?parent=25777"}],"wp:term":[{"taxonomy":"category","embeddable":true,"href":"https:\/\/przedszkole61.edu.wroclaw.pl\/index.php\/wp-json\/wp\/v2\/categories?post=25777"},{"taxonomy":"post_tag","embeddable":true,"href":"https:\/\/przedszkole61.edu.wroclaw.pl\/index.php\/wp-json\/wp\/v2\/tags?post=25777"}],"curies":[{"name":"wp","href":"https:\/\/api.w.org\/{rel}","templated":true}]}}