
{"id":25796,"date":"2021-09-03T22:50:12","date_gmt":"2021-09-03T20:50:12","guid":{"rendered":"https:\/\/przedszkole61.edu.wroclaw.pl\/?p=25796"},"modified":"2021-09-03T22:52:07","modified_gmt":"2021-09-03T20:52:07","slug":"witamy-w-przedszkolu","status":"publish","type":"post","link":"https:\/\/przedszkole61.edu.wroclaw.pl\/index.php\/2021\/09\/03\/witamy-w-przedszkolu\/","title":{"rendered":"Witamy w przedszkolu!"},"content":{"rendered":"<div class=\"pe-article-content\">\n<p><strong>Serdecznie witamy Dzieci i Rodzic\u00f3w w Roku Szkolnym 2021\/2022 <span id=\"more-22545\"><\/span><\/strong>Wszystkim przedszkolakom \u017cyczymy du\u017co rado\u015bci, u\u015bmiechu oraz wspania\u0142ych zabaw z r\u00f3wie\u015bnikami.<\/p>\n<p><a href=\"http:\/\/www.p61.pl\/witamy-w-przedszkolu-3\/images\/\" rel=\"attachment wp-att-10018\"><img loading=\"lazy\" decoding=\"async\" class=\"size-thumbnail wp-image-10018 aligncenter\" src=\"https:\/\/przedszkole61.edu.wroclaw.pl\/wp-content\/uploads\/sites\/58\/2021\/04\/images.jpg\" alt=\"images\" width=\"150\" height=\"113\" \/><\/a><\/p>\n<\/div>\n","protected":false},"excerpt":{"rendered":"<p>Serdecznie witamy Dzieci i Rodzic\u00f3w w Roku Szkolnym 2021\/2022 Wszystkim przedszkolakom \u017cyczymy du\u017co rado\u015bci, u\u015bmiechu oraz wspania\u0142ych zabaw z r\u00f3wie\u015bnikami.<\/p>\n","protected":false},"author":241,"featured_media":25797,"comment_status":"closed","ping_status":"closed","sticky":false,"template":"","format":"standard","meta":{"ngg_post_thumbnail":0,"footnotes":""},"categories":[8],"tags":[],"class_list":["post-25796","post","type-post","status-publish","format-standard","has-post-thumbnail","hentry","category-wydarzenia","clearfix"],"_links":{"self":[{"href":"https:\/\/przedszkole61.edu.wroclaw.pl\/index.php\/wp-json\/wp\/v2\/posts\/25796","targetHints":{"allow":["GET"]}}],"collection":[{"href":"https:\/\/przedszkole61.edu.wroclaw.pl\/index.php\/wp-json\/wp\/v2\/posts"}],"about":[{"href":"https:\/\/przedszkole61.edu.wroclaw.pl\/index.php\/wp-json\/wp\/v2\/types\/post"}],"author":[{"embeddable":true,"href":"https:\/\/przedszkole61.edu.wroclaw.pl\/index.php\/wp-json\/wp\/v2\/users\/241"}],"replies":[{"embeddable":true,"href":"https:\/\/przedszkole61.edu.wroclaw.pl\/index.php\/wp-json\/wp\/v2\/comments?post=25796"}],"version-history":[{"count":1,"href":"https:\/\/przedszkole61.edu.wroclaw.pl\/index.php\/wp-json\/wp\/v2\/posts\/25796\/revisions"}],"predecessor-version":[{"id":25798,"href":"https:\/\/przedszkole61.edu.wroclaw.pl\/index.php\/wp-json\/wp\/v2\/posts\/25796\/revisions\/25798"}],"wp:featuredmedia":[{"embeddable":true,"href":"https:\/\/przedszkole61.edu.wroclaw.pl\/index.php\/wp-json\/wp\/v2\/media\/25797"}],"wp:attachment":[{"href":"https:\/\/przedszkole61.edu.wroclaw.pl\/index.php\/wp-json\/wp\/v2\/media?parent=25796"}],"wp:term":[{"taxonomy":"category","embeddable":true,"href":"https:\/\/przedszkole61.edu.wroclaw.pl\/index.php\/wp-json\/wp\/v2\/categories?post=25796"},{"taxonomy":"post_tag","embeddable":true,"href":"https:\/\/przedszkole61.edu.wroclaw.pl\/index.php\/wp-json\/wp\/v2\/tags?post=25796"}],"curies":[{"name":"wp","href":"https:\/\/api.w.org\/{rel}","templated":true}]}}