
{"id":25813,"date":"2021-09-09T00:09:58","date_gmt":"2021-09-08T22:09:58","guid":{"rendered":"https:\/\/przedszkole61.edu.wroclaw.pl\/?p=25813"},"modified":"2021-09-09T21:41:59","modified_gmt":"2021-09-09T19:41:59","slug":"wroclaw-bez-barier-potrafie-pomoc","status":"publish","type":"post","link":"https:\/\/przedszkole61.edu.wroclaw.pl\/index.php\/2021\/09\/09\/wroclaw-bez-barier-potrafie-pomoc\/","title":{"rendered":"&#8222;Wroc\u0142aw bez barier &#8211; potrafi\u0119 pom\u00f3c&#8221;"},"content":{"rendered":"<div id=\"primary\" class=\"site-content\">\n<div id=\"content\" role=\"main\">\n<div class=\"add-item\">\n<p><strong>W imieniu Fundacji \u201ePotrafi\u0119 Pom\u00f3c\u201d i Miasta Wroc\u0142aw zapraszamy do udzia\u0142u w organizowanym po raz pierwszy, niesamowitym wydarzeniu muzycznym w samym sercu Wroc\u0142awia!<\/strong><\/p>\n<p>Chcesz us\u0142ysze\u0107, jak brzmi \u201eWROC\u0141AW BEZ BARIER\u201d?\u00a010 wrze\u015bnia o godzinie 17.30 przyjd\u017a na wroc\u0142awski Rynek (okolice pomnika Aleksandra Fredry). Zabierz ze sob\u0105 rodzin\u0119, przyjaci\u00f3\u0142, s\u0105siad\u00f3w i przekonaj si\u0119, co si\u0119 b\u0119dzie dzia\u0142o! To wydarzenie integracyjne \u2013 osoby z niepe\u0142nosprawno\u015bciami b\u0119d\u0105 szczeg\u00f3lnie mile widziane. Sta\u0144 si\u0119 cz\u0119\u015bci\u0105 Wroc\u0142awia bez barier!<\/p>\n<p>Na miejscu b\u0119d\u0105 m.in.:<\/p>\n<ul>\n<li>fantastyczna orkiestra i ch\u00f3r<\/li>\n<li>wroc\u0142awskie krasnale<\/li>\n<li>pe\u0142ni pozytywnej energii wolontariusze Fundacji \u201ePotrafi\u0119 Pom\u00f3c\u201d.<\/li>\n<\/ul>\n<p>B\u0119dzie:<\/p>\n<ul>\n<li>muzycznie<\/li>\n<li>integracyjnie<\/li>\n<li>bardzo wroc\u0142awsko<\/li>\n<li>rado\u015bnie<\/li>\n<li>wspominkowo<\/li>\n<li>i przede wszystkim \u2013 bez barier.<\/li>\n<\/ul>\n<p>Wydarzeniu z g\u00f3ry b\u0119dzie si\u0119 przygl\u0105da\u0142 u\u015bmiechni\u0119ty Bart\u0142omiej \u201eSkrzynia\u201d Skrzy\u0144ski.<\/p>\n<p>Wi\u0119cej informacji na: <a href=\"https:\/\/potrafiepomoc.org.pl\/chcesz-uslyszec-jak-brzmi-wroclaw-bez-barier-przekonaj-sie-w-najblizszy-piatek-10-wrzesnia-o-godzinie-17-30-wroclawski-rynek\/\">https:\/\/potrafiepomoc.org.pl\/chcesz-uslyszec-jak-brzmi-wroclaw-bez-barier-przekonaj-sie-w-najblizszy-piatek-10-wrzesnia-o-godzinie-17-30-wroclawski-rynek\/<\/a> .<\/p>\n<p>Organizatorzy wydarzenia: Fundacja \u201ePotrafi\u0119 Pom\u00f3c\u201d, Wroc\u0142aw Miasto Spotka\u0144, biuro \u201eWroc\u0142aw bez Barier\u201d.<\/p>\n<p>Wydarzeniu partneruj\u0105: Centrum Diagnostyczno-Terapeutyczne Chor\u00f3b Rzadkich im. Bart\u0142omieja Skrzy\u0144skiego, Pa\u0144stwowy Fundusz Rehabilitacji Os\u00f3b Niepe\u0142nosprawnych (PFRON), TBS Wroc\u0142aw Sp\u00f3\u0142ka z o.o., Stadion Wroc\u0142aw, MPK Wroc\u0142aw, Wroc\u0142awski Park Technologiczny, Integracyjny Inkubator Przedsi\u0119biorczo\u015bci SKRZYNIA, Aquapark Wroc\u0142aw.<\/p>\n<div id=\"gallery-1\" class=\"gallery galleryid-18074 gallery-columns-1 gallery-size-thumbnail\">\n<dl class=\"gallery-item\">\n<dt class=\"gallery-icon landscape\"><a title=\"grafika\" href=\"http:\/\/www.p61.pl\/wp\/wp-content\/uploads\/2021\/09\/grafika.jpg\"><img loading=\"lazy\" decoding=\"async\" class=\"attachment-thumbnail\" src=\"http:\/\/www.p61.pl\/wp\/wp-content\/uploads\/2021\/09\/grafika-150x113.jpg\" alt=\"grafika\" width=\"150\" height=\"113\" \/><\/a><\/dt>\n<\/dl>\n<\/div>\n<\/div>\n<\/div>\n<\/div>\n","protected":false},"excerpt":{"rendered":"<p>W imieniu Fundacji \u201ePotrafi\u0119 Pom\u00f3c\u201d i Miasta Wroc\u0142aw zapraszamy do udzia\u0142u w organizowanym po raz pierwszy, niesamowitym wydarzeniu muzycznym w samym sercu Wroc\u0142awia! Chcesz us\u0142ysze\u0107, jak brzmi \u201eWROC\u0141AW BEZ BARIER\u201d?\u00a010 [&hellip;]<\/p>\n","protected":false},"author":241,"featured_media":25818,"comment_status":"closed","ping_status":"closed","sticky":false,"template":"","format":"standard","meta":{"ngg_post_thumbnail":0,"footnotes":""},"categories":[1],"tags":[],"class_list":["post-25813","post","type-post","status-publish","format-standard","has-post-thumbnail","hentry","category-aktualnosci","clearfix"],"_links":{"self":[{"href":"https:\/\/przedszkole61.edu.wroclaw.pl\/index.php\/wp-json\/wp\/v2\/posts\/25813","targetHints":{"allow":["GET"]}}],"collection":[{"href":"https:\/\/przedszkole61.edu.wroclaw.pl\/index.php\/wp-json\/wp\/v2\/posts"}],"about":[{"href":"https:\/\/przedszkole61.edu.wroclaw.pl\/index.php\/wp-json\/wp\/v2\/types\/post"}],"author":[{"embeddable":true,"href":"https:\/\/przedszkole61.edu.wroclaw.pl\/index.php\/wp-json\/wp\/v2\/users\/241"}],"replies":[{"embeddable":true,"href":"https:\/\/przedszkole61.edu.wroclaw.pl\/index.php\/wp-json\/wp\/v2\/comments?post=25813"}],"version-history":[{"count":2,"href":"https:\/\/przedszkole61.edu.wroclaw.pl\/index.php\/wp-json\/wp\/v2\/posts\/25813\/revisions"}],"predecessor-version":[{"id":25815,"href":"https:\/\/przedszkole61.edu.wroclaw.pl\/index.php\/wp-json\/wp\/v2\/posts\/25813\/revisions\/25815"}],"wp:featuredmedia":[{"embeddable":true,"href":"https:\/\/przedszkole61.edu.wroclaw.pl\/index.php\/wp-json\/wp\/v2\/media\/25818"}],"wp:attachment":[{"href":"https:\/\/przedszkole61.edu.wroclaw.pl\/index.php\/wp-json\/wp\/v2\/media?parent=25813"}],"wp:term":[{"taxonomy":"category","embeddable":true,"href":"https:\/\/przedszkole61.edu.wroclaw.pl\/index.php\/wp-json\/wp\/v2\/categories?post=25813"},{"taxonomy":"post_tag","embeddable":true,"href":"https:\/\/przedszkole61.edu.wroclaw.pl\/index.php\/wp-json\/wp\/v2\/tags?post=25813"}],"curies":[{"name":"wp","href":"https:\/\/api.w.org\/{rel}","templated":true}]}}