
{"id":26580,"date":"2021-11-15T20:19:35","date_gmt":"2021-11-15T19:19:35","guid":{"rendered":"https:\/\/przedszkole61.edu.wroclaw.pl\/?p=26580"},"modified":"2021-11-15T20:42:03","modified_gmt":"2021-11-15T19:42:03","slug":"monitorowanie-jakosci-powietrza-w-miescie-2","status":"publish","type":"post","link":"https:\/\/przedszkole61.edu.wroclaw.pl\/index.php\/2021\/11\/15\/monitorowanie-jakosci-powietrza-w-miescie-2\/","title":{"rendered":"Monitorowanie jako\u015bci powietrza w mie\u015bcie"},"content":{"rendered":"<p><strong>Drodzy Rodzice!<\/strong><\/p>\n<p><strong>Nasze przedszkole monitoruje jako\u015b\u0107 powietrza w mie\u015bcie. Je\u015bli normy b\u0119d\u0105 przekroczone, dzieci nie b\u0119d\u0105 wychodzi\u0142y do ogrodu przedszkolnego.<\/strong><\/p>\n","protected":false},"excerpt":{"rendered":"<p>Drodzy Rodzice! Nasze przedszkole monitoruje jako\u015b\u0107 powietrza w mie\u015bcie. Je\u015bli normy b\u0119d\u0105 przekroczone, dzieci nie b\u0119d\u0105 wychodzi\u0142y do ogrodu przedszkolnego.<\/p>\n","protected":false},"author":241,"featured_media":25800,"comment_status":"closed","ping_status":"closed","sticky":false,"template":"","format":"standard","meta":{"ngg_post_thumbnail":0,"footnotes":""},"categories":[1],"tags":[],"class_list":["post-26580","post","type-post","status-publish","format-standard","has-post-thumbnail","hentry","category-aktualnosci","clearfix"],"_links":{"self":[{"href":"https:\/\/przedszkole61.edu.wroclaw.pl\/index.php\/wp-json\/wp\/v2\/posts\/26580","targetHints":{"allow":["GET"]}}],"collection":[{"href":"https:\/\/przedszkole61.edu.wroclaw.pl\/index.php\/wp-json\/wp\/v2\/posts"}],"about":[{"href":"https:\/\/przedszkole61.edu.wroclaw.pl\/index.php\/wp-json\/wp\/v2\/types\/post"}],"author":[{"embeddable":true,"href":"https:\/\/przedszkole61.edu.wroclaw.pl\/index.php\/wp-json\/wp\/v2\/users\/241"}],"replies":[{"embeddable":true,"href":"https:\/\/przedszkole61.edu.wroclaw.pl\/index.php\/wp-json\/wp\/v2\/comments?post=26580"}],"version-history":[{"count":1,"href":"https:\/\/przedszkole61.edu.wroclaw.pl\/index.php\/wp-json\/wp\/v2\/posts\/26580\/revisions"}],"predecessor-version":[{"id":26581,"href":"https:\/\/przedszkole61.edu.wroclaw.pl\/index.php\/wp-json\/wp\/v2\/posts\/26580\/revisions\/26581"}],"wp:featuredmedia":[{"embeddable":true,"href":"https:\/\/przedszkole61.edu.wroclaw.pl\/index.php\/wp-json\/wp\/v2\/media\/25800"}],"wp:attachment":[{"href":"https:\/\/przedszkole61.edu.wroclaw.pl\/index.php\/wp-json\/wp\/v2\/media?parent=26580"}],"wp:term":[{"taxonomy":"category","embeddable":true,"href":"https:\/\/przedszkole61.edu.wroclaw.pl\/index.php\/wp-json\/wp\/v2\/categories?post=26580"},{"taxonomy":"post_tag","embeddable":true,"href":"https:\/\/przedszkole61.edu.wroclaw.pl\/index.php\/wp-json\/wp\/v2\/tags?post=26580"}],"curies":[{"name":"wp","href":"https:\/\/api.w.org\/{rel}","templated":true}]}}