
{"id":29687,"date":"2022-06-13T22:30:15","date_gmt":"2022-06-13T20:30:15","guid":{"rendered":"https:\/\/przedszkole61.edu.wroclaw.pl\/?p=29687"},"modified":"2022-06-13T23:24:50","modified_gmt":"2022-06-13T21:24:50","slug":"akademia-mlodego-radiowca","status":"publish","type":"post","link":"https:\/\/przedszkole61.edu.wroclaw.pl\/index.php\/2022\/06\/13\/akademia-mlodego-radiowca\/","title":{"rendered":"Akademia M\u0142odego Radiowca"},"content":{"rendered":"<p><strong>Halo, Halo tu Radio Wroc\u0142aw!<\/strong><\/p>\n<p><strong>Witamy w M\u0142odej Akademii Radiowca! <\/strong><\/p>\n<p><strong>Gajowickie Skrzaty z grupy IV rozmawiaj\u0105 o zako\u0144czeniu przedszkola:<\/strong><\/p>\n<audio class=\"wp-audio-shortcode\" id=\"audio-29687-1\" preload=\"none\" style=\"width: 100%;\" controls=\"controls\"><source type=\"audio\/mpeg\" src=\"https:\/\/przedszkole61.edu.wroclaw.pl\/wp-content\/uploads\/sites\/58\/2022\/06\/1106-AMR-koniec-przedszkola1-ok.mp3?_=1\" \/><a href=\"https:\/\/przedszkole61.edu.wroclaw.pl\/wp-content\/uploads\/sites\/58\/2022\/06\/1106-AMR-koniec-przedszkola1-ok.mp3\">https:\/\/przedszkole61.edu.wroclaw.pl\/wp-content\/uploads\/sites\/58\/2022\/06\/1106-AMR-koniec-przedszkola1-ok.mp3<\/a><\/audio>\n<audio class=\"wp-audio-shortcode\" id=\"audio-29687-2\" preload=\"none\" style=\"width: 100%;\" controls=\"controls\"><source type=\"audio\/mpeg\" src=\"https:\/\/przedszkole61.edu.wroclaw.pl\/wp-content\/uploads\/sites\/58\/2022\/06\/1106-AMR-koniec-przedszkola2-ok.mp3?_=2\" \/><a href=\"https:\/\/przedszkole61.edu.wroclaw.pl\/wp-content\/uploads\/sites\/58\/2022\/06\/1106-AMR-koniec-przedszkola2-ok.mp3\">https:\/\/przedszkole61.edu.wroclaw.pl\/wp-content\/uploads\/sites\/58\/2022\/06\/1106-AMR-koniec-przedszkola2-ok.mp3<\/a><\/audio>\n","protected":false},"excerpt":{"rendered":"<p>Halo, Halo tu Radio Wroc\u0142aw! Witamy w M\u0142odej Akademii Radiowca! Gajowickie Skrzaty z grupy IV rozmawiaj\u0105 o zako\u0144czeniu przedszkola:<\/p>\n","protected":false},"author":241,"featured_media":29692,"comment_status":"closed","ping_status":"closed","sticky":false,"template":"","format":"standard","meta":{"ngg_post_thumbnail":0,"footnotes":""},"categories":[8],"tags":[],"class_list":["post-29687","post","type-post","status-publish","format-standard","has-post-thumbnail","hentry","category-wydarzenia","clearfix"],"_links":{"self":[{"href":"https:\/\/przedszkole61.edu.wroclaw.pl\/index.php\/wp-json\/wp\/v2\/posts\/29687","targetHints":{"allow":["GET"]}}],"collection":[{"href":"https:\/\/przedszkole61.edu.wroclaw.pl\/index.php\/wp-json\/wp\/v2\/posts"}],"about":[{"href":"https:\/\/przedszkole61.edu.wroclaw.pl\/index.php\/wp-json\/wp\/v2\/types\/post"}],"author":[{"embeddable":true,"href":"https:\/\/przedszkole61.edu.wroclaw.pl\/index.php\/wp-json\/wp\/v2\/users\/241"}],"replies":[{"embeddable":true,"href":"https:\/\/przedszkole61.edu.wroclaw.pl\/index.php\/wp-json\/wp\/v2\/comments?post=29687"}],"version-history":[{"count":4,"href":"https:\/\/przedszkole61.edu.wroclaw.pl\/index.php\/wp-json\/wp\/v2\/posts\/29687\/revisions"}],"predecessor-version":[{"id":29709,"href":"https:\/\/przedszkole61.edu.wroclaw.pl\/index.php\/wp-json\/wp\/v2\/posts\/29687\/revisions\/29709"}],"wp:featuredmedia":[{"embeddable":true,"href":"https:\/\/przedszkole61.edu.wroclaw.pl\/index.php\/wp-json\/wp\/v2\/media\/29692"}],"wp:attachment":[{"href":"https:\/\/przedszkole61.edu.wroclaw.pl\/index.php\/wp-json\/wp\/v2\/media?parent=29687"}],"wp:term":[{"taxonomy":"category","embeddable":true,"href":"https:\/\/przedszkole61.edu.wroclaw.pl\/index.php\/wp-json\/wp\/v2\/categories?post=29687"},{"taxonomy":"post_tag","embeddable":true,"href":"https:\/\/przedszkole61.edu.wroclaw.pl\/index.php\/wp-json\/wp\/v2\/tags?post=29687"}],"curies":[{"name":"wp","href":"https:\/\/api.w.org\/{rel}","templated":true}]}}