
{"id":30916,"date":"2022-11-23T23:27:15","date_gmt":"2022-11-23T22:27:15","guid":{"rendered":"https:\/\/przedszkole61.edu.wroclaw.pl\/?p=30916"},"modified":"2022-11-23T23:28:37","modified_gmt":"2022-11-23T22:28:37","slug":"pasowanie-na-przedszkolaka-gajowickiego-skrzata-4","status":"publish","type":"post","link":"https:\/\/przedszkole61.edu.wroclaw.pl\/index.php\/2022\/11\/23\/pasowanie-na-przedszkolaka-gajowickiego-skrzata-4\/","title":{"rendered":"Pasowanie na Przedszkolaka &#8211; Gajowickiego Skrzata"},"content":{"rendered":"<div class=\"wpb-content-wrapper\"><div class=\"vc_row wpb_row vc_row-fluid\">\n<div class=\"wpb_column vc_column_container vc_col-sm-12\">\n<div class=\"vc_column-inner\">\n<div class=\"wpb_wrapper\">\n<div class=\"wpb_text_column wpb_content_element \">\n<div class=\"wpb_wrapper\">\n<p><strong>22 listopada 2022 <\/strong>w grupie I odby\u0142a si\u0119 uroczysto\u015b\u0107 \u201ePasowania na Przedszkolaka \u2013 Gajowickiego Skrzata\u201d. Z tej okazji dzieci przygotowa\u0142y: wierszyki, piosenki i ta\u0144ce. Dyrektor Przedszkola \u2013 Pani Joanna Jandy, z pomoc\u0105 pluszowego Gajowickiego Skrzata, pasowa\u0142a ka\u017cde dziecko na przedszkolaka.<span id=\"more-17873\"><\/span> Na pami\u0105tk\u0119 tego wa\u017cnego wydarzenia ka\u017cdy przedszkolak otrzyma\u0142 dyplom oraz upominek.<br \/>\n<strong>Mamo, Tato! Jestem ju\u017c przedszkolakiem \u2013 \u201eGajowickim Skrzatem\u201d.<\/strong><\/p>\n<\/div>\n<\/div>\n<\/div>\n<\/div>\n<\/div>\n<\/div>\n<\/div>","protected":false},"excerpt":{"rendered":"<p>22 listopada 2022 w grupie I odby\u0142a si\u0119 uroczysto\u015b\u0107 \u201ePasowania na Przedszkolaka \u2013 Gajowickiego Skrzata\u201d. Z tej okazji dzieci przygotowa\u0142y: wierszyki, piosenki i ta\u0144ce. Dyrektor Przedszkola \u2013 Pani Joanna Jandy, [&hellip;]<\/p>\n","protected":false},"author":241,"featured_media":30670,"comment_status":"closed","ping_status":"closed","sticky":false,"template":"","format":"standard","meta":{"ngg_post_thumbnail":0,"footnotes":""},"categories":[8],"tags":[],"class_list":["post-30916","post","type-post","status-publish","format-standard","has-post-thumbnail","hentry","category-wydarzenia","clearfix"],"_links":{"self":[{"href":"https:\/\/przedszkole61.edu.wroclaw.pl\/index.php\/wp-json\/wp\/v2\/posts\/30916","targetHints":{"allow":["GET"]}}],"collection":[{"href":"https:\/\/przedszkole61.edu.wroclaw.pl\/index.php\/wp-json\/wp\/v2\/posts"}],"about":[{"href":"https:\/\/przedszkole61.edu.wroclaw.pl\/index.php\/wp-json\/wp\/v2\/types\/post"}],"author":[{"embeddable":true,"href":"https:\/\/przedszkole61.edu.wroclaw.pl\/index.php\/wp-json\/wp\/v2\/users\/241"}],"replies":[{"embeddable":true,"href":"https:\/\/przedszkole61.edu.wroclaw.pl\/index.php\/wp-json\/wp\/v2\/comments?post=30916"}],"version-history":[{"count":2,"href":"https:\/\/przedszkole61.edu.wroclaw.pl\/index.php\/wp-json\/wp\/v2\/posts\/30916\/revisions"}],"predecessor-version":[{"id":30918,"href":"https:\/\/przedszkole61.edu.wroclaw.pl\/index.php\/wp-json\/wp\/v2\/posts\/30916\/revisions\/30918"}],"wp:featuredmedia":[{"embeddable":true,"href":"https:\/\/przedszkole61.edu.wroclaw.pl\/index.php\/wp-json\/wp\/v2\/media\/30670"}],"wp:attachment":[{"href":"https:\/\/przedszkole61.edu.wroclaw.pl\/index.php\/wp-json\/wp\/v2\/media?parent=30916"}],"wp:term":[{"taxonomy":"category","embeddable":true,"href":"https:\/\/przedszkole61.edu.wroclaw.pl\/index.php\/wp-json\/wp\/v2\/categories?post=30916"},{"taxonomy":"post_tag","embeddable":true,"href":"https:\/\/przedszkole61.edu.wroclaw.pl\/index.php\/wp-json\/wp\/v2\/tags?post=30916"}],"curies":[{"name":"wp","href":"https:\/\/api.w.org\/{rel}","templated":true}]}}