
{"id":33535,"date":"2023-09-28T20:14:52","date_gmt":"2023-09-28T18:14:52","guid":{"rendered":"https:\/\/przedszkole61.edu.wroclaw.pl\/?p=33535"},"modified":"2023-09-28T22:47:11","modified_gmt":"2023-09-28T20:47:11","slug":"kim-bedziesz-gdy-dorosniesz-poznajemy-zawod-alpinisty-przemyslowego","status":"publish","type":"post","link":"https:\/\/przedszkole61.edu.wroclaw.pl\/index.php\/2023\/09\/28\/kim-bedziesz-gdy-dorosniesz-poznajemy-zawod-alpinisty-przemyslowego\/","title":{"rendered":"Kim b\u0119dziesz, gdy doro\u015bniesz? &#8211; poznajemy zaw\u00f3d alpinisty przemys\u0142owego"},"content":{"rendered":"<p><strong>28 wrze\u015bnia 2023<\/strong> Gajowickie Skrzaty z grupy II go\u015bci\u0142y Tat\u0119 Wojtka, kt\u00f3ry z zawodu jest alpinist\u0105 przemys\u0142owym. Przedszkolaki obejrza\u0142y specjalistyczny sprz\u0119t \u2013 liny i karabi\u0144czyki, kt\u00f3ry Tata Wojtka wykorzystuje \u00a0w swojej pracy. Gajowickie Skrzaty dowiedzia\u0142y si\u0119, \u017ce alpinista przemys\u0142owy to zdecydowanie nie jest zaw\u00f3d dla wszystkich, opr\u00f3cz odpowiedniego przeszkolenia wymaga du\u017cej sprawno\u015bci fizycznej i odwagi. <strong>Ciekawe, kto w przysz\u0142o\u015bci zostanie alpinist\u0105 przemys\u0142owym?<\/strong><\/p>\n<p><strong>Dzi\u0119kujemy <\/strong><strong>Tatusiowi<\/strong><strong> Wojtka za bardzo interesuj\u0105ce spotkanie. <\/strong><\/p>\n<p><strong>Spotkanie odby\u0142o si\u0119 w ramach realizacji programu Kim b\u0119dziesz, gdy doro\u015bniesz?<\/strong><\/p>\n<p>&nbsp;<\/p>\n<div id='pe-gallery-1' class='pe-gallery pe-gallery-33535 columns-3 img-size-medium'><div class='pe-row'><div class='col-md-4'><figure tabindex='0' class='pe-gallery-item pe-gallery-modal' data-mfp-src='#modal-gallery-1-33538'><div class='pe-gallery-image portrait'>\r\n\t\t\t\t\t\t\t<img loading=\"lazy\" decoding=\"async\" width=\"135\" height=\"300\" src=\"https:\/\/przedszkole61.edu.wroclaw.pl\/wp-content\/uploads\/sites\/58\/2023\/09\/Resized_20230928_093307-135x300.jpg\" class=\"attachment-medium size-medium\" alt=\"\" data-no-retina=\"\" srcset=\"https:\/\/przedszkole61.edu.wroclaw.pl\/wp-content\/uploads\/sites\/58\/2023\/09\/Resized_20230928_093307-135x300.jpg 135w, https:\/\/przedszkole61.edu.wroclaw.pl\/wp-content\/uploads\/sites\/58\/2023\/09\/Resized_20230928_093307.jpg 405w\" sizes=\"auto, (max-width: 135px) 100vw, 135px\" \/>\r\n\t\t\t\t\t\t<\/div><\/figure><div id='modal-gallery-1-33538' class='mfp-modal-content mfp-hide' tabindex='-1' role='dialog' aria-labelledby='gallery-1-33538' style='max-width: 405px;><h4 id='gallery-1-33538'>Resized_20230928_093307<\/h4><div class='pe-gallery-full-image'><a href=\"https:\/\/przedszkole61.edu.wroclaw.pl\/wp-content\/uploads\/sites\/58\/2023\/09\/Resized_20230928_093307.jpg\"><img loading=\"lazy\" decoding=\"async\" width=\"405\" height=\"900\" src=\"https:\/\/przedszkole61.edu.wroclaw.pl\/wp-content\/uploads\/sites\/58\/2023\/09\/Resized_20230928_093307.jpg\" class=\"attachment-full size-full\" alt=\"\" data-no-retina=\"\" srcset=\"https:\/\/przedszkole61.edu.wroclaw.pl\/wp-content\/uploads\/sites\/58\/2023\/09\/Resized_20230928_093307.jpg 405w, https:\/\/przedszkole61.edu.wroclaw.pl\/wp-content\/uploads\/sites\/58\/2023\/09\/Resized_20230928_093307-135x300.jpg 135w\" sizes=\"auto, (max-width: 405px) 100vw, 405px\" \/><\/a><\/div><p><\/p><\/div><\/div><div class='col-md-4'><figure tabindex='0' class='pe-gallery-item pe-gallery-modal' data-mfp-src='#modal-gallery-1-33537'><div class='pe-gallery-image portrait'>\r\n\t\t\t\t\t\t\t<img loading=\"lazy\" decoding=\"async\" width=\"135\" height=\"300\" src=\"https:\/\/przedszkole61.edu.wroclaw.pl\/wp-content\/uploads\/sites\/58\/2023\/09\/Resized_20230928_092822-135x300.jpg\" class=\"attachment-medium size-medium\" alt=\"\" data-no-retina=\"\" srcset=\"https:\/\/przedszkole61.edu.wroclaw.pl\/wp-content\/uploads\/sites\/58\/2023\/09\/Resized_20230928_092822-135x300.jpg 135w, https:\/\/przedszkole61.edu.wroclaw.pl\/wp-content\/uploads\/sites\/58\/2023\/09\/Resized_20230928_092822.jpg 405w\" sizes=\"auto, (max-width: 135px) 100vw, 135px\" \/>\r\n\t\t\t\t\t\t<\/div><\/figure><div id='modal-gallery-1-33537' class='mfp-modal-content mfp-hide' tabindex='-1' role='dialog' aria-labelledby='gallery-1-33537' style='max-width: 405px;><h4 id='gallery-1-33537'>Resized_20230928_092822<\/h4><div class='pe-gallery-full-image'><a href=\"https:\/\/przedszkole61.edu.wroclaw.pl\/wp-content\/uploads\/sites\/58\/2023\/09\/Resized_20230928_092822.jpg\"><img loading=\"lazy\" decoding=\"async\" width=\"405\" height=\"900\" src=\"https:\/\/przedszkole61.edu.wroclaw.pl\/wp-content\/uploads\/sites\/58\/2023\/09\/Resized_20230928_092822.jpg\" class=\"attachment-full size-full\" alt=\"\" data-no-retina=\"\" srcset=\"https:\/\/przedszkole61.edu.wroclaw.pl\/wp-content\/uploads\/sites\/58\/2023\/09\/Resized_20230928_092822.jpg 405w, https:\/\/przedszkole61.edu.wroclaw.pl\/wp-content\/uploads\/sites\/58\/2023\/09\/Resized_20230928_092822-135x300.jpg 135w\" sizes=\"auto, (max-width: 405px) 100vw, 405px\" \/><\/a><\/div><p><\/p><\/div><\/div><div class='col-md-4'><figure tabindex='0' class='pe-gallery-item pe-gallery-modal' data-mfp-src='#modal-gallery-1-33536'><div class='pe-gallery-image portrait'>\r\n\t\t\t\t\t\t\t<img loading=\"lazy\" decoding=\"async\" width=\"135\" height=\"300\" src=\"https:\/\/przedszkole61.edu.wroclaw.pl\/wp-content\/uploads\/sites\/58\/2023\/09\/Resized_20230928_092740-135x300.jpg\" class=\"attachment-medium size-medium\" alt=\"\" data-no-retina=\"\" srcset=\"https:\/\/przedszkole61.edu.wroclaw.pl\/wp-content\/uploads\/sites\/58\/2023\/09\/Resized_20230928_092740-135x300.jpg 135w, https:\/\/przedszkole61.edu.wroclaw.pl\/wp-content\/uploads\/sites\/58\/2023\/09\/Resized_20230928_092740.jpg 405w\" sizes=\"auto, (max-width: 135px) 100vw, 135px\" \/>\r\n\t\t\t\t\t\t<\/div><\/figure><div id='modal-gallery-1-33536' class='mfp-modal-content mfp-hide' tabindex='-1' role='dialog' aria-labelledby='gallery-1-33536' style='max-width: 405px;><h4 id='gallery-1-33536'>Resized_20230928_092740<\/h4><div class='pe-gallery-full-image'><a href=\"https:\/\/przedszkole61.edu.wroclaw.pl\/wp-content\/uploads\/sites\/58\/2023\/09\/Resized_20230928_092740.jpg\"><img loading=\"lazy\" decoding=\"async\" width=\"405\" height=\"900\" src=\"https:\/\/przedszkole61.edu.wroclaw.pl\/wp-content\/uploads\/sites\/58\/2023\/09\/Resized_20230928_092740.jpg\" class=\"attachment-full size-full\" alt=\"\" data-no-retina=\"\" srcset=\"https:\/\/przedszkole61.edu.wroclaw.pl\/wp-content\/uploads\/sites\/58\/2023\/09\/Resized_20230928_092740.jpg 405w, https:\/\/przedszkole61.edu.wroclaw.pl\/wp-content\/uploads\/sites\/58\/2023\/09\/Resized_20230928_092740-135x300.jpg 135w\" sizes=\"auto, (max-width: 405px) 100vw, 405px\" \/><\/a><\/div><p><\/p><\/div><\/div><\/div><\/div>\n\n","protected":false},"excerpt":{"rendered":"<p>28 wrze\u015bnia 2023 Gajowickie Skrzaty z grupy II go\u015bci\u0142y Tat\u0119 Wojtka, kt\u00f3ry z zawodu jest alpinist\u0105 przemys\u0142owym. Przedszkolaki obejrza\u0142y specjalistyczny sprz\u0119t \u2013 liny i karabi\u0144czyki, kt\u00f3ry Tata Wojtka wykorzystuje \u00a0w [&hellip;]<\/p>\n","protected":false},"author":241,"featured_media":33538,"comment_status":"closed","ping_status":"closed","sticky":false,"template":"","format":"standard","meta":{"ngg_post_thumbnail":0,"footnotes":""},"categories":[8],"tags":[],"class_list":["post-33535","post","type-post","status-publish","format-standard","has-post-thumbnail","hentry","category-wydarzenia","clearfix"],"_links":{"self":[{"href":"https:\/\/przedszkole61.edu.wroclaw.pl\/index.php\/wp-json\/wp\/v2\/posts\/33535","targetHints":{"allow":["GET"]}}],"collection":[{"href":"https:\/\/przedszkole61.edu.wroclaw.pl\/index.php\/wp-json\/wp\/v2\/posts"}],"about":[{"href":"https:\/\/przedszkole61.edu.wroclaw.pl\/index.php\/wp-json\/wp\/v2\/types\/post"}],"author":[{"embeddable":true,"href":"https:\/\/przedszkole61.edu.wroclaw.pl\/index.php\/wp-json\/wp\/v2\/users\/241"}],"replies":[{"embeddable":true,"href":"https:\/\/przedszkole61.edu.wroclaw.pl\/index.php\/wp-json\/wp\/v2\/comments?post=33535"}],"version-history":[{"count":2,"href":"https:\/\/przedszkole61.edu.wroclaw.pl\/index.php\/wp-json\/wp\/v2\/posts\/33535\/revisions"}],"predecessor-version":[{"id":33578,"href":"https:\/\/przedszkole61.edu.wroclaw.pl\/index.php\/wp-json\/wp\/v2\/posts\/33535\/revisions\/33578"}],"wp:featuredmedia":[{"embeddable":true,"href":"https:\/\/przedszkole61.edu.wroclaw.pl\/index.php\/wp-json\/wp\/v2\/media\/33538"}],"wp:attachment":[{"href":"https:\/\/przedszkole61.edu.wroclaw.pl\/index.php\/wp-json\/wp\/v2\/media?parent=33535"}],"wp:term":[{"taxonomy":"category","embeddable":true,"href":"https:\/\/przedszkole61.edu.wroclaw.pl\/index.php\/wp-json\/wp\/v2\/categories?post=33535"},{"taxonomy":"post_tag","embeddable":true,"href":"https:\/\/przedszkole61.edu.wroclaw.pl\/index.php\/wp-json\/wp\/v2\/tags?post=33535"}],"curies":[{"name":"wp","href":"https:\/\/api.w.org\/{rel}","templated":true}]}}