
{"id":33540,"date":"2023-09-28T20:40:56","date_gmt":"2023-09-28T18:40:56","guid":{"rendered":"https:\/\/przedszkole61.edu.wroclaw.pl\/?p=33540"},"modified":"2024-07-18T23:12:25","modified_gmt":"2024-07-18T21:12:25","slug":"wycieczka-do-szkoly-jezykowej-gerelis-the-language-school-grupa-v","status":"publish","type":"post","link":"https:\/\/przedszkole61.edu.wroclaw.pl\/index.php\/2023\/09\/28\/wycieczka-do-szkoly-jezykowej-gerelis-the-language-school-grupa-v\/","title":{"rendered":"Wycieczka do Szko\u0142y J\u0119zykowej GERelis The Language School &#8211; grupa V"},"content":{"rendered":"<p><strong>28 wrze\u015bnia 2023<\/strong> Gajowickie Skrzaty z grupy V uda\u0142y si\u0119 na wycieczk\u0119 do Szko\u0142y J\u0119zykowej\u00a0 GERelis The Language School. Dzieci bra\u0142y udzia\u0142 w zaj\u0119ciach a tak\u017ce pozna\u0142y mieszka\u0144c\u00f3w tej szko\u0142y: rybki, \u017c\u00f3\u0142wie, gekona, kr\u00f3lika a nawet koty bengalskie. Czy\u017cby i one uczy\u0142y si\u0119 tam j\u0119zyka angielskiego?\u00a0 W tej szkole dzieci mog\u0105 prze\u017cy\u0107 wspania\u0142\u0105 przygod\u0119. Czekaj\u0105 tam na nie pi\u0119kne i kolorowe sale np.: d\u017cungla, statek piracki, kosmos. <strong>Dzi\u0119kujemy Rodzicom za zorganizowanie Busa dzi\u0119ki kt\u00f3remu przemie\u015bcili\u015bmy si\u0119 szybko i bezpiecznie a Mamie Elenki za ciekawe zaj\u0119cia i mn\u00f3stwo atrakcji.<\/strong><\/p>\n<p>&nbsp;<\/p>\n<div id='pe-gallery-1' class='pe-gallery pe-gallery-33540 columns-3 img-size-medium'><div class='pe-row'><div class='col-md-4'><figure tabindex='0' class='pe-gallery-item pe-gallery-modal' data-mfp-src='#modal-gallery-1-33548'><div class='pe-gallery-image portrait'>\r\n\t\t\t\t\t\t\t<img loading=\"lazy\" decoding=\"async\" width=\"139\" height=\"300\" src=\"https:\/\/przedszkole61.edu.wroclaw.pl\/wp-content\/uploads\/sites\/58\/2023\/09\/PHOTO-2023-09-28-18-04-40-139x300.jpg\" class=\"attachment-medium size-medium\" alt=\"\" data-no-retina=\"\" srcset=\"https:\/\/przedszkole61.edu.wroclaw.pl\/wp-content\/uploads\/sites\/58\/2023\/09\/PHOTO-2023-09-28-18-04-40-139x300.jpg 139w, https:\/\/przedszkole61.edu.wroclaw.pl\/wp-content\/uploads\/sites\/58\/2023\/09\/PHOTO-2023-09-28-18-04-40.jpg 416w\" sizes=\"auto, (max-width: 139px) 100vw, 139px\" \/>\r\n\t\t\t\t\t\t<\/div><\/figure><div id='modal-gallery-1-33548' class='mfp-modal-content mfp-hide' tabindex='-1' role='dialog' aria-labelledby='gallery-1-33548' style='max-width: 416px;><h4 id='gallery-1-33548'>PHOTO-2023-09-28-18-04-40<\/h4><div class='pe-gallery-full-image'><a href=\"https:\/\/przedszkole61.edu.wroclaw.pl\/wp-content\/uploads\/sites\/58\/2023\/09\/PHOTO-2023-09-28-18-04-40.jpg\"><img loading=\"lazy\" decoding=\"async\" width=\"416\" height=\"900\" src=\"https:\/\/przedszkole61.edu.wroclaw.pl\/wp-content\/uploads\/sites\/58\/2023\/09\/PHOTO-2023-09-28-18-04-40.jpg\" class=\"attachment-full size-full\" alt=\"\" data-no-retina=\"\" srcset=\"https:\/\/przedszkole61.edu.wroclaw.pl\/wp-content\/uploads\/sites\/58\/2023\/09\/PHOTO-2023-09-28-18-04-40.jpg 416w, https:\/\/przedszkole61.edu.wroclaw.pl\/wp-content\/uploads\/sites\/58\/2023\/09\/PHOTO-2023-09-28-18-04-40-139x300.jpg 139w\" sizes=\"auto, (max-width: 416px) 100vw, 416px\" \/><\/a><\/div><p><\/p><\/div><\/div><div class='col-md-4'><figure tabindex='0' class='pe-gallery-item pe-gallery-modal' data-mfp-src='#modal-gallery-1-33544'><div class='pe-gallery-image landscape'>\r\n\t\t\t\t\t\t\t<img loading=\"lazy\" decoding=\"async\" width=\"300\" height=\"225\" src=\"https:\/\/przedszkole61.edu.wroclaw.pl\/wp-content\/uploads\/sites\/58\/2023\/09\/4-2-300x225.jpg\" class=\"attachment-medium size-medium\" alt=\"\" data-no-retina=\"\" srcset=\"https:\/\/przedszkole61.edu.wroclaw.pl\/wp-content\/uploads\/sites\/58\/2023\/09\/4-2-300x225.jpg 300w, https:\/\/przedszkole61.edu.wroclaw.pl\/wp-content\/uploads\/sites\/58\/2023\/09\/4-2-768x576.jpg 768w, https:\/\/przedszkole61.edu.wroclaw.pl\/wp-content\/uploads\/sites\/58\/2023\/09\/4-2-600x450.jpg 600w, https:\/\/przedszkole61.edu.wroclaw.pl\/wp-content\/uploads\/sites\/58\/2023\/09\/4-2.jpg 900w\" sizes=\"auto, (max-width: 300px) 100vw, 300px\" \/>\r\n\t\t\t\t\t\t<\/div><\/figure><div id='modal-gallery-1-33544' class='mfp-modal-content mfp-hide' tabindex='-1' role='dialog' aria-labelledby='gallery-1-33544' style='max-width: 900px;><h4 id='gallery-1-33544'>4<\/h4><div class='pe-gallery-full-image'><a href=\"https:\/\/przedszkole61.edu.wroclaw.pl\/wp-content\/uploads\/sites\/58\/2023\/09\/4-2.jpg\"><img loading=\"lazy\" decoding=\"async\" width=\"900\" height=\"675\" src=\"https:\/\/przedszkole61.edu.wroclaw.pl\/wp-content\/uploads\/sites\/58\/2023\/09\/4-2.jpg\" class=\"attachment-full size-full\" alt=\"\" data-no-retina=\"\" srcset=\"https:\/\/przedszkole61.edu.wroclaw.pl\/wp-content\/uploads\/sites\/58\/2023\/09\/4-2.jpg 900w, https:\/\/przedszkole61.edu.wroclaw.pl\/wp-content\/uploads\/sites\/58\/2023\/09\/4-2-300x225.jpg 300w, https:\/\/przedszkole61.edu.wroclaw.pl\/wp-content\/uploads\/sites\/58\/2023\/09\/4-2-768x576.jpg 768w, https:\/\/przedszkole61.edu.wroclaw.pl\/wp-content\/uploads\/sites\/58\/2023\/09\/4-2-600x450.jpg 600w\" sizes=\"auto, (max-width: 900px) 100vw, 900px\" \/><\/a><\/div><p><\/p><\/div><\/div><div class='col-md-4'><figure tabindex='0' class='pe-gallery-item pe-gallery-modal' data-mfp-src='#modal-gallery-1-33541'><div class='pe-gallery-image landscape'>\r\n\t\t\t\t\t\t\t<img loading=\"lazy\" decoding=\"async\" width=\"300\" height=\"225\" src=\"https:\/\/przedszkole61.edu.wroclaw.pl\/wp-content\/uploads\/sites\/58\/2023\/09\/1-3-300x225.jpg\" class=\"attachment-medium size-medium\" alt=\"\" data-no-retina=\"\" srcset=\"https:\/\/przedszkole61.edu.wroclaw.pl\/wp-content\/uploads\/sites\/58\/2023\/09\/1-3-300x225.jpg 300w, https:\/\/przedszkole61.edu.wroclaw.pl\/wp-content\/uploads\/sites\/58\/2023\/09\/1-3-768x576.jpg 768w, https:\/\/przedszkole61.edu.wroclaw.pl\/wp-content\/uploads\/sites\/58\/2023\/09\/1-3-600x450.jpg 600w, https:\/\/przedszkole61.edu.wroclaw.pl\/wp-content\/uploads\/sites\/58\/2023\/09\/1-3.jpg 900w\" sizes=\"auto, (max-width: 300px) 100vw, 300px\" \/>\r\n\t\t\t\t\t\t<\/div><\/figure><div id='modal-gallery-1-33541' class='mfp-modal-content mfp-hide' tabindex='-1' role='dialog' aria-labelledby='gallery-1-33541' style='max-width: 900px;><h4 id='gallery-1-33541'>1<\/h4><div class='pe-gallery-full-image'><a href=\"https:\/\/przedszkole61.edu.wroclaw.pl\/wp-content\/uploads\/sites\/58\/2023\/09\/1-3.jpg\"><img loading=\"lazy\" decoding=\"async\" width=\"900\" height=\"675\" src=\"https:\/\/przedszkole61.edu.wroclaw.pl\/wp-content\/uploads\/sites\/58\/2023\/09\/1-3.jpg\" class=\"attachment-full size-full\" alt=\"\" data-no-retina=\"\" srcset=\"https:\/\/przedszkole61.edu.wroclaw.pl\/wp-content\/uploads\/sites\/58\/2023\/09\/1-3.jpg 900w, https:\/\/przedszkole61.edu.wroclaw.pl\/wp-content\/uploads\/sites\/58\/2023\/09\/1-3-300x225.jpg 300w, https:\/\/przedszkole61.edu.wroclaw.pl\/wp-content\/uploads\/sites\/58\/2023\/09\/1-3-768x576.jpg 768w, https:\/\/przedszkole61.edu.wroclaw.pl\/wp-content\/uploads\/sites\/58\/2023\/09\/1-3-600x450.jpg 600w\" sizes=\"auto, (max-width: 900px) 100vw, 900px\" \/><\/a><\/div><p><\/p><\/div><\/div><\/div><\/div>\n\n","protected":false},"excerpt":{"rendered":"<p>28 wrze\u015bnia 2023 Gajowickie Skrzaty z grupy V uda\u0142y si\u0119 na wycieczk\u0119 do Szko\u0142y J\u0119zykowej\u00a0 GERelis The Language School. Dzieci bra\u0142y udzia\u0142 w zaj\u0119ciach a tak\u017ce pozna\u0142y mieszka\u0144c\u00f3w tej szko\u0142y: [&hellip;]<\/p>\n","protected":false},"author":241,"featured_media":33544,"comment_status":"closed","ping_status":"closed","sticky":false,"template":"","format":"standard","meta":{"ngg_post_thumbnail":0,"footnotes":""},"categories":[8],"tags":[],"class_list":["post-33540","post","type-post","status-publish","format-standard","has-post-thumbnail","hentry","category-wydarzenia","clearfix"],"_links":{"self":[{"href":"https:\/\/przedszkole61.edu.wroclaw.pl\/index.php\/wp-json\/wp\/v2\/posts\/33540","targetHints":{"allow":["GET"]}}],"collection":[{"href":"https:\/\/przedszkole61.edu.wroclaw.pl\/index.php\/wp-json\/wp\/v2\/posts"}],"about":[{"href":"https:\/\/przedszkole61.edu.wroclaw.pl\/index.php\/wp-json\/wp\/v2\/types\/post"}],"author":[{"embeddable":true,"href":"https:\/\/przedszkole61.edu.wroclaw.pl\/index.php\/wp-json\/wp\/v2\/users\/241"}],"replies":[{"embeddable":true,"href":"https:\/\/przedszkole61.edu.wroclaw.pl\/index.php\/wp-json\/wp\/v2\/comments?post=33540"}],"version-history":[{"count":2,"href":"https:\/\/przedszkole61.edu.wroclaw.pl\/index.php\/wp-json\/wp\/v2\/posts\/33540\/revisions"}],"predecessor-version":[{"id":35826,"href":"https:\/\/przedszkole61.edu.wroclaw.pl\/index.php\/wp-json\/wp\/v2\/posts\/33540\/revisions\/35826"}],"wp:featuredmedia":[{"embeddable":true,"href":"https:\/\/przedszkole61.edu.wroclaw.pl\/index.php\/wp-json\/wp\/v2\/media\/33544"}],"wp:attachment":[{"href":"https:\/\/przedszkole61.edu.wroclaw.pl\/index.php\/wp-json\/wp\/v2\/media?parent=33540"}],"wp:term":[{"taxonomy":"category","embeddable":true,"href":"https:\/\/przedszkole61.edu.wroclaw.pl\/index.php\/wp-json\/wp\/v2\/categories?post=33540"},{"taxonomy":"post_tag","embeddable":true,"href":"https:\/\/przedszkole61.edu.wroclaw.pl\/index.php\/wp-json\/wp\/v2\/tags?post=33540"}],"curies":[{"name":"wp","href":"https:\/\/api.w.org\/{rel}","templated":true}]}}