
{"id":33579,"date":"2023-09-29T20:39:11","date_gmt":"2023-09-29T18:39:11","guid":{"rendered":"https:\/\/przedszkole61.edu.wroclaw.pl\/?p=33579"},"modified":"2023-09-29T20:39:11","modified_gmt":"2023-09-29T18:39:11","slug":"akademia-mlodego-radiowca-5","status":"publish","type":"post","link":"https:\/\/przedszkole61.edu.wroclaw.pl\/index.php\/2023\/09\/29\/akademia-mlodego-radiowca-5\/","title":{"rendered":"Akademia M\u0142odego Radiowca"},"content":{"rendered":"<p><strong>Halo, halo, tu Akademia M\u0142odego Radiowca!<\/strong> M\u0142odzi Radiowcy z grupy IV rozmawiaj\u0105 o w\u0142adzy. Co to takiego w\u0142adza? Zapraszamy do wys\u0142uchania.<\/p>\n<audio class=\"wp-audio-shortcode\" id=\"audio-33579-1\" preload=\"none\" style=\"width: 100%;\" controls=\"controls\"><source type=\"audio\/mpeg\" src=\"https:\/\/przedszkole61.edu.wroclaw.pl\/wp-content\/uploads\/sites\/58\/2023\/09\/AUDIO-2023-09-29-07-18-31.mp3?_=1\" \/><a href=\"https:\/\/przedszkole61.edu.wroclaw.pl\/wp-content\/uploads\/sites\/58\/2023\/09\/AUDIO-2023-09-29-07-18-31.mp3\">https:\/\/przedszkole61.edu.wroclaw.pl\/wp-content\/uploads\/sites\/58\/2023\/09\/AUDIO-2023-09-29-07-18-31.mp3<\/a><\/audio>\n<audio class=\"wp-audio-shortcode\" id=\"audio-33579-2\" preload=\"none\" style=\"width: 100%;\" controls=\"controls\"><source type=\"audio\/mpeg\" src=\"https:\/\/przedszkole61.edu.wroclaw.pl\/wp-content\/uploads\/sites\/58\/2023\/09\/AUDIO-2023-09-29-07-18-36.mp3?_=2\" \/><a href=\"https:\/\/przedszkole61.edu.wroclaw.pl\/wp-content\/uploads\/sites\/58\/2023\/09\/AUDIO-2023-09-29-07-18-36.mp3\">https:\/\/przedszkole61.edu.wroclaw.pl\/wp-content\/uploads\/sites\/58\/2023\/09\/AUDIO-2023-09-29-07-18-36.mp3<\/a><\/audio>\n","protected":false},"excerpt":{"rendered":"<p>Halo, halo, tu Akademia M\u0142odego Radiowca! M\u0142odzi Radiowcy z grupy IV rozmawiaj\u0105 o w\u0142adzy. Co to takiego w\u0142adza? Zapraszamy do wys\u0142uchania.<\/p>\n","protected":false},"author":241,"featured_media":29692,"comment_status":"closed","ping_status":"closed","sticky":false,"template":"","format":"standard","meta":{"ngg_post_thumbnail":0,"footnotes":""},"categories":[8],"tags":[],"class_list":["post-33579","post","type-post","status-publish","format-standard","has-post-thumbnail","hentry","category-wydarzenia","clearfix"],"_links":{"self":[{"href":"https:\/\/przedszkole61.edu.wroclaw.pl\/index.php\/wp-json\/wp\/v2\/posts\/33579","targetHints":{"allow":["GET"]}}],"collection":[{"href":"https:\/\/przedszkole61.edu.wroclaw.pl\/index.php\/wp-json\/wp\/v2\/posts"}],"about":[{"href":"https:\/\/przedszkole61.edu.wroclaw.pl\/index.php\/wp-json\/wp\/v2\/types\/post"}],"author":[{"embeddable":true,"href":"https:\/\/przedszkole61.edu.wroclaw.pl\/index.php\/wp-json\/wp\/v2\/users\/241"}],"replies":[{"embeddable":true,"href":"https:\/\/przedszkole61.edu.wroclaw.pl\/index.php\/wp-json\/wp\/v2\/comments?post=33579"}],"version-history":[{"count":1,"href":"https:\/\/przedszkole61.edu.wroclaw.pl\/index.php\/wp-json\/wp\/v2\/posts\/33579\/revisions"}],"predecessor-version":[{"id":33582,"href":"https:\/\/przedszkole61.edu.wroclaw.pl\/index.php\/wp-json\/wp\/v2\/posts\/33579\/revisions\/33582"}],"wp:featuredmedia":[{"embeddable":true,"href":"https:\/\/przedszkole61.edu.wroclaw.pl\/index.php\/wp-json\/wp\/v2\/media\/29692"}],"wp:attachment":[{"href":"https:\/\/przedszkole61.edu.wroclaw.pl\/index.php\/wp-json\/wp\/v2\/media?parent=33579"}],"wp:term":[{"taxonomy":"category","embeddable":true,"href":"https:\/\/przedszkole61.edu.wroclaw.pl\/index.php\/wp-json\/wp\/v2\/categories?post=33579"},{"taxonomy":"post_tag","embeddable":true,"href":"https:\/\/przedszkole61.edu.wroclaw.pl\/index.php\/wp-json\/wp\/v2\/tags?post=33579"}],"curies":[{"name":"wp","href":"https:\/\/api.w.org\/{rel}","templated":true}]}}