
{"id":35906,"date":"2024-08-28T18:14:18","date_gmt":"2024-08-28T16:14:18","guid":{"rendered":"https:\/\/przedszkole61.edu.wroclaw.pl\/?p=35906"},"modified":"2024-09-01T11:28:49","modified_gmt":"2024-09-01T09:28:49","slug":"grupy-iv-i-v-6-latki-organizacja-pracy-przedszkola-wrzesien-2024","status":"publish","type":"post","link":"https:\/\/przedszkole61.edu.wroclaw.pl\/index.php\/2024\/08\/28\/grupy-iv-i-v-6-latki-organizacja-pracy-przedszkola-wrzesien-2024\/","title":{"rendered":"Organizacja pracy przedszkola &#8211; wrzesie\u0144 2024  &#8211; Grupa IV i V ( 6 latki)"},"content":{"rendered":"<p><strong>Drodzy Rodzice; informuj\u0119, \u017ce w zwi\u0105zku trwaj\u0105cym remontem \u0142azienek w Przedszkolu 61 Gajowickie Skrzaty (planowane zako\u0144czenie prac &#8211; koniec wrze\u015bnia 2024),<\/strong><!--more--><\/p>\n<p><strong>dzieci TYLKO 6 letnie, czyli: <\/strong><\/p>\n<p><span style=\"text-decoration: underline\"><strong>Grupa IV:\u00a0 Pani Justyna i Pani Beata\u00a0 <\/strong><\/span><\/p>\n<p><span style=\"text-decoration: underline\"><strong>Grupa V: Pani Joanna Jandy &#8211; dyrektor przedszkola oraz Pani Mariola i Pani Mirka<\/strong><\/span><\/p>\n<p><strong>we wrze\u015bniu b\u0119d\u0105 mia\u0142y zapewnion\u0105 opiek\u0119 i wy\u017cywienie w Przedszkolu nr 4 ul. S\u0142owicza 7\/9 Wroc\u0142aw \u2013 Budynek B na g\u00f3rce \u2013 wej\u015bcie do budynku drugie wej\u015bcie po lewej stronie od bramy wjazdowej.\/ domofon grupa 1B.<\/strong><\/p>\n<p>W razie pyta\u0144 jestem do Pa\u0144stwa dyspozycji.<\/p>\n<p>Z powa\u017caniem<\/p>\n<p>Joanna Jandy<\/p>\n<p>&#8211; dyrektor Przedszkola nr 61 Gajowickie Skrzaty<\/p>\n<p>53-150 Wroc\u0142aw<\/p>\n<p>Gajowicka 199<\/p>\n<p>tel. 071\u00a0798 68 04<\/p>\n","protected":false},"excerpt":{"rendered":"<p>Drodzy Rodzice; informuj\u0119, \u017ce w zwi\u0105zku trwaj\u0105cym remontem \u0142azienek w Przedszkolu 61 Gajowickie Skrzaty (planowane zako\u0144czenie prac &#8211; koniec wrze\u015bnia 2024),<\/p>\n","protected":false},"author":241,"featured_media":25800,"comment_status":"closed","ping_status":"closed","sticky":false,"template":"","format":"standard","meta":{"ngg_post_thumbnail":0,"footnotes":""},"categories":[1],"tags":[],"class_list":["post-35906","post","type-post","status-publish","format-standard","has-post-thumbnail","hentry","category-aktualnosci","clearfix"],"_links":{"self":[{"href":"https:\/\/przedszkole61.edu.wroclaw.pl\/index.php\/wp-json\/wp\/v2\/posts\/35906","targetHints":{"allow":["GET"]}}],"collection":[{"href":"https:\/\/przedszkole61.edu.wroclaw.pl\/index.php\/wp-json\/wp\/v2\/posts"}],"about":[{"href":"https:\/\/przedszkole61.edu.wroclaw.pl\/index.php\/wp-json\/wp\/v2\/types\/post"}],"author":[{"embeddable":true,"href":"https:\/\/przedszkole61.edu.wroclaw.pl\/index.php\/wp-json\/wp\/v2\/users\/241"}],"replies":[{"embeddable":true,"href":"https:\/\/przedszkole61.edu.wroclaw.pl\/index.php\/wp-json\/wp\/v2\/comments?post=35906"}],"version-history":[{"count":8,"href":"https:\/\/przedszkole61.edu.wroclaw.pl\/index.php\/wp-json\/wp\/v2\/posts\/35906\/revisions"}],"predecessor-version":[{"id":35927,"href":"https:\/\/przedszkole61.edu.wroclaw.pl\/index.php\/wp-json\/wp\/v2\/posts\/35906\/revisions\/35927"}],"wp:featuredmedia":[{"embeddable":true,"href":"https:\/\/przedszkole61.edu.wroclaw.pl\/index.php\/wp-json\/wp\/v2\/media\/25800"}],"wp:attachment":[{"href":"https:\/\/przedszkole61.edu.wroclaw.pl\/index.php\/wp-json\/wp\/v2\/media?parent=35906"}],"wp:term":[{"taxonomy":"category","embeddable":true,"href":"https:\/\/przedszkole61.edu.wroclaw.pl\/index.php\/wp-json\/wp\/v2\/categories?post=35906"},{"taxonomy":"post_tag","embeddable":true,"href":"https:\/\/przedszkole61.edu.wroclaw.pl\/index.php\/wp-json\/wp\/v2\/tags?post=35906"}],"curies":[{"name":"wp","href":"https:\/\/api.w.org\/{rel}","templated":true}]}}