
{"id":36046,"date":"2024-09-20T12:39:24","date_gmt":"2024-09-20T10:39:24","guid":{"rendered":"https:\/\/przedszkole61.edu.wroclaw.pl\/?p=36046"},"modified":"2024-09-20T12:42:13","modified_gmt":"2024-09-20T10:42:13","slug":"organizacja-wychowania-przedszkolnego-pazdziernik-2024","status":"publish","type":"post","link":"https:\/\/przedszkole61.edu.wroclaw.pl\/index.php\/2024\/09\/20\/organizacja-wychowania-przedszkolnego-pazdziernik-2024\/","title":{"rendered":"Organizacja wychowania przedszkolnego &#8211; pa\u017adziernik 2024"},"content":{"rendered":"<p><strong>Drodzy Rodzice,<\/strong><\/p>\n<p><strong>Informuj\u0119 , \u017ce \u00a0remont \u0142azienek\u00a0 nie zako\u0144czy si\u0119 do ko\u0144ca wrze\u015bnia 2024 r. Ostateczny termin \u00a0zako\u0144czenia prac \u00a0&#8211; koniec pa\u017adziernika 2024 r.<\/strong><\/p>\n<p><strong>Organizacja pracy przedszkola \u00a0dla poszczeg\u00f3lnych grup pozostaje bez zmian.<\/strong><\/p>\n<p><strong>W razie pyta\u0144 jestem do Pa\u0144stwa dyspozycji<\/strong><\/p>\n<p><strong>Z powa\u017caniem<\/strong><\/p>\n<p><strong>Joanna Jandy<\/strong><\/p>\n<p><strong>&#8211; dyrektor Przedszkola nr 61 Gajowickie Skrzaty<\/strong><\/p>\n<p><strong>53-150 Wroc\u0142aw<\/strong><\/p>\n<p><strong>Gajowicka 199<\/strong><\/p>\n<p><strong>tel. 071\u00a0798 68 04<\/strong><\/p>\n<p>&nbsp;<\/p>\n<p>&nbsp;<\/p>\n<p>&nbsp;<\/p>\n<p>&nbsp;<\/p>\n","protected":false},"excerpt":{"rendered":"<p>Drodzy Rodzice, Informuj\u0119 , \u017ce \u00a0remont \u0142azienek\u00a0 nie zako\u0144czy si\u0119 do ko\u0144ca wrze\u015bnia 2024 r. Ostateczny termin \u00a0zako\u0144czenia prac \u00a0&#8211; koniec pa\u017adziernika 2024 r. Organizacja pracy przedszkola \u00a0dla poszczeg\u00f3lnych grup [&hellip;]<\/p>\n","protected":false},"author":241,"featured_media":31822,"comment_status":"closed","ping_status":"closed","sticky":false,"template":"","format":"standard","meta":{"ngg_post_thumbnail":0,"footnotes":""},"categories":[1],"tags":[],"class_list":["post-36046","post","type-post","status-publish","format-standard","has-post-thumbnail","hentry","category-aktualnosci","clearfix"],"_links":{"self":[{"href":"https:\/\/przedszkole61.edu.wroclaw.pl\/index.php\/wp-json\/wp\/v2\/posts\/36046","targetHints":{"allow":["GET"]}}],"collection":[{"href":"https:\/\/przedszkole61.edu.wroclaw.pl\/index.php\/wp-json\/wp\/v2\/posts"}],"about":[{"href":"https:\/\/przedszkole61.edu.wroclaw.pl\/index.php\/wp-json\/wp\/v2\/types\/post"}],"author":[{"embeddable":true,"href":"https:\/\/przedszkole61.edu.wroclaw.pl\/index.php\/wp-json\/wp\/v2\/users\/241"}],"replies":[{"embeddable":true,"href":"https:\/\/przedszkole61.edu.wroclaw.pl\/index.php\/wp-json\/wp\/v2\/comments?post=36046"}],"version-history":[{"count":1,"href":"https:\/\/przedszkole61.edu.wroclaw.pl\/index.php\/wp-json\/wp\/v2\/posts\/36046\/revisions"}],"predecessor-version":[{"id":36047,"href":"https:\/\/przedszkole61.edu.wroclaw.pl\/index.php\/wp-json\/wp\/v2\/posts\/36046\/revisions\/36047"}],"wp:featuredmedia":[{"embeddable":true,"href":"https:\/\/przedszkole61.edu.wroclaw.pl\/index.php\/wp-json\/wp\/v2\/media\/31822"}],"wp:attachment":[{"href":"https:\/\/przedszkole61.edu.wroclaw.pl\/index.php\/wp-json\/wp\/v2\/media?parent=36046"}],"wp:term":[{"taxonomy":"category","embeddable":true,"href":"https:\/\/przedszkole61.edu.wroclaw.pl\/index.php\/wp-json\/wp\/v2\/categories?post=36046"},{"taxonomy":"post_tag","embeddable":true,"href":"https:\/\/przedszkole61.edu.wroclaw.pl\/index.php\/wp-json\/wp\/v2\/tags?post=36046"}],"curies":[{"name":"wp","href":"https:\/\/api.w.org\/{rel}","templated":true}]}}