
{"id":36872,"date":"2025-01-30T21:20:26","date_gmt":"2025-01-30T20:20:26","guid":{"rendered":"https:\/\/przedszkole61.edu.wroclaw.pl\/?p=36872"},"modified":"2025-01-30T21:21:05","modified_gmt":"2025-01-30T20:21:05","slug":"dzien-babci-i-dziadka-3","status":"publish","type":"post","link":"https:\/\/przedszkole61.edu.wroclaw.pl\/index.php\/2025\/01\/30\/dzien-babci-i-dziadka-3\/","title":{"rendered":"Dzie\u0144 Babci i Dziadka"},"content":{"rendered":"<div class=\"pe-article-content\">\n<p><strong>Dzie\u0144 Babci i Dziadka<\/strong> w naszym przedszkolu to wielkie rodzinne \u015bwi\u0119to. Jak co roku obchodzone by\u0142o bardzo uroczy\u015bcie. Dzieci przygotowa\u0142y wiersze, piosenki, ta\u0144ce oraz Teatrzyk Jase\u0142kowy; sk\u0142ada\u0142y \u017cyczenia i wr\u0119cza\u0142y kolorowe upominki. <strong>Wszystkim Babciom, wszystkim Dziadkom \u017cyczymy: zdrowia, pomy\u015blno\u015bci, u\u015bmiechu na co dzie\u0144 i du\u017co rado\u015bci!<\/strong><\/p>\n<p>&nbsp;<\/p>\n<\/div>\n","protected":false},"excerpt":{"rendered":"<p>Dzie\u0144 Babci i Dziadka w naszym przedszkolu to wielkie rodzinne \u015bwi\u0119to. Jak co roku obchodzone by\u0142o bardzo uroczy\u015bcie. Dzieci przygotowa\u0142y wiersze, piosenki, ta\u0144ce oraz Teatrzyk Jase\u0142kowy; sk\u0142ada\u0142y \u017cyczenia i wr\u0119cza\u0142y [&hellip;]<\/p>\n","protected":false},"author":241,"featured_media":34527,"comment_status":"closed","ping_status":"closed","sticky":false,"template":"","format":"standard","meta":{"ngg_post_thumbnail":0,"footnotes":""},"categories":[8],"tags":[],"class_list":["post-36872","post","type-post","status-publish","format-standard","has-post-thumbnail","hentry","category-wydarzenia","clearfix"],"_links":{"self":[{"href":"https:\/\/przedszkole61.edu.wroclaw.pl\/index.php\/wp-json\/wp\/v2\/posts\/36872","targetHints":{"allow":["GET"]}}],"collection":[{"href":"https:\/\/przedszkole61.edu.wroclaw.pl\/index.php\/wp-json\/wp\/v2\/posts"}],"about":[{"href":"https:\/\/przedszkole61.edu.wroclaw.pl\/index.php\/wp-json\/wp\/v2\/types\/post"}],"author":[{"embeddable":true,"href":"https:\/\/przedszkole61.edu.wroclaw.pl\/index.php\/wp-json\/wp\/v2\/users\/241"}],"replies":[{"embeddable":true,"href":"https:\/\/przedszkole61.edu.wroclaw.pl\/index.php\/wp-json\/wp\/v2\/comments?post=36872"}],"version-history":[{"count":1,"href":"https:\/\/przedszkole61.edu.wroclaw.pl\/index.php\/wp-json\/wp\/v2\/posts\/36872\/revisions"}],"predecessor-version":[{"id":36873,"href":"https:\/\/przedszkole61.edu.wroclaw.pl\/index.php\/wp-json\/wp\/v2\/posts\/36872\/revisions\/36873"}],"wp:featuredmedia":[{"embeddable":true,"href":"https:\/\/przedszkole61.edu.wroclaw.pl\/index.php\/wp-json\/wp\/v2\/media\/34527"}],"wp:attachment":[{"href":"https:\/\/przedszkole61.edu.wroclaw.pl\/index.php\/wp-json\/wp\/v2\/media?parent=36872"}],"wp:term":[{"taxonomy":"category","embeddable":true,"href":"https:\/\/przedszkole61.edu.wroclaw.pl\/index.php\/wp-json\/wp\/v2\/categories?post=36872"},{"taxonomy":"post_tag","embeddable":true,"href":"https:\/\/przedszkole61.edu.wroclaw.pl\/index.php\/wp-json\/wp\/v2\/tags?post=36872"}],"curies":[{"name":"wp","href":"https:\/\/api.w.org\/{rel}","templated":true}]}}