
{"id":37060,"date":"2025-02-28T18:08:19","date_gmt":"2025-02-28T17:08:19","guid":{"rendered":"https:\/\/przedszkole61.edu.wroclaw.pl\/?p=37060"},"modified":"2025-02-28T18:45:36","modified_gmt":"2025-02-28T17:45:36","slug":"wycieczka-do-multicentrum","status":"publish","type":"post","link":"https:\/\/przedszkole61.edu.wroclaw.pl\/index.php\/2025\/02\/28\/wycieczka-do-multicentrum\/","title":{"rendered":"Wycieczka do MultiCentrum"},"content":{"rendered":"<p><span style=\"font-family: times new roman, times\"><span style=\"font-size: 12pt\"><strong>27 lutego 2025<\/strong> Gajowickie Skrzaty z grupy IV wzi\u0119\u0142y udzia\u0142 w warsztatach edukacyjnych w MultiCentrum przy ulicy Powsta\u0144c\u00f3w \u015al\u0105skich. Podczas warsztat\u00f3w dzieci dowiedzia\u0142y si\u0119, jak dzia\u0142a ludzki wzrok, a dzi\u0119ki aplikacji na tablecie sprawdzi\u0142y, jak widz\u0105 \u015bwiat niekt\u00f3re zwierz\u0119ta. <\/span>Wsp\u00f3lnie zastanowi\u0142y si\u0119 nad tym, jak wa\u017cne s\u0105 oczy w naszym \u017cyciu, w jaki jeszcze spos\u00f3b odbieramy bod\u017ace zewn\u0119trzne oraz jak funkcjonuj\u0105 osoby maj\u0105ce problem ze wzrokiem i niewidome. <\/span><\/p>\n<p>&nbsp;<\/p>\n<div id='pe-gallery-1' class='pe-gallery pe-gallery-37060 columns-3 img-size-medium'><div class='pe-row'><div class='col-md-4'><figure tabindex='0' class='pe-gallery-item pe-gallery-modal' data-mfp-src='#modal-gallery-1-37062'><div class='pe-gallery-image portrait'>\r\n\t\t\t\t\t\t\t<img loading=\"lazy\" decoding=\"async\" width=\"225\" height=\"300\" src=\"https:\/\/przedszkole61.edu.wroclaw.pl\/wp-content\/uploads\/sites\/58\/2025\/02\/PHOTO-2025-02-28-10-30-30-225x300.jpg\" class=\"attachment-medium size-medium\" alt=\"\" data-no-retina=\"\" srcset=\"https:\/\/przedszkole61.edu.wroclaw.pl\/wp-content\/uploads\/sites\/58\/2025\/02\/PHOTO-2025-02-28-10-30-30-225x300.jpg 225w, https:\/\/przedszkole61.edu.wroclaw.pl\/wp-content\/uploads\/sites\/58\/2025\/02\/PHOTO-2025-02-28-10-30-30.jpg 675w\" sizes=\"auto, (max-width: 225px) 100vw, 225px\" \/>\r\n\t\t\t\t\t\t<\/div><\/figure><div id='modal-gallery-1-37062' class='mfp-modal-content mfp-hide' tabindex='-1' role='dialog' aria-labelledby='gallery-1-37062' style='max-width: 675px;><h4 id='gallery-1-37062'>PHOTO-2025-02-28-10-30-30<\/h4><div class='pe-gallery-full-image'><a href=\"https:\/\/przedszkole61.edu.wroclaw.pl\/wp-content\/uploads\/sites\/58\/2025\/02\/PHOTO-2025-02-28-10-30-30.jpg\"><img loading=\"lazy\" decoding=\"async\" width=\"675\" height=\"900\" src=\"https:\/\/przedszkole61.edu.wroclaw.pl\/wp-content\/uploads\/sites\/58\/2025\/02\/PHOTO-2025-02-28-10-30-30.jpg\" class=\"attachment-full size-full\" alt=\"\" data-no-retina=\"\" srcset=\"https:\/\/przedszkole61.edu.wroclaw.pl\/wp-content\/uploads\/sites\/58\/2025\/02\/PHOTO-2025-02-28-10-30-30.jpg 675w, https:\/\/przedszkole61.edu.wroclaw.pl\/wp-content\/uploads\/sites\/58\/2025\/02\/PHOTO-2025-02-28-10-30-30-225x300.jpg 225w\" sizes=\"auto, (max-width: 675px) 100vw, 675px\" \/><\/a><\/div><p><\/p><\/div><\/div><div class='col-md-4'><figure tabindex='0' class='pe-gallery-item pe-gallery-modal' data-mfp-src='#modal-gallery-1-37063'><div class='pe-gallery-image portrait'>\r\n\t\t\t\t\t\t\t<img loading=\"lazy\" decoding=\"async\" width=\"225\" height=\"300\" src=\"https:\/\/przedszkole61.edu.wroclaw.pl\/wp-content\/uploads\/sites\/58\/2025\/02\/PHOTO-2025-02-28-10-30-42-225x300.jpg\" class=\"attachment-medium size-medium\" alt=\"\" data-no-retina=\"\" srcset=\"https:\/\/przedszkole61.edu.wroclaw.pl\/wp-content\/uploads\/sites\/58\/2025\/02\/PHOTO-2025-02-28-10-30-42-225x300.jpg 225w, https:\/\/przedszkole61.edu.wroclaw.pl\/wp-content\/uploads\/sites\/58\/2025\/02\/PHOTO-2025-02-28-10-30-42.jpg 675w\" sizes=\"auto, (max-width: 225px) 100vw, 225px\" \/>\r\n\t\t\t\t\t\t<\/div><\/figure><div id='modal-gallery-1-37063' class='mfp-modal-content mfp-hide' tabindex='-1' role='dialog' aria-labelledby='gallery-1-37063' style='max-width: 675px;><h4 id='gallery-1-37063'>PHOTO-2025-02-28-10-30-42<\/h4><div class='pe-gallery-full-image'><a href=\"https:\/\/przedszkole61.edu.wroclaw.pl\/wp-content\/uploads\/sites\/58\/2025\/02\/PHOTO-2025-02-28-10-30-42.jpg\"><img loading=\"lazy\" decoding=\"async\" width=\"675\" height=\"900\" src=\"https:\/\/przedszkole61.edu.wroclaw.pl\/wp-content\/uploads\/sites\/58\/2025\/02\/PHOTO-2025-02-28-10-30-42.jpg\" class=\"attachment-full size-full\" alt=\"\" data-no-retina=\"\" srcset=\"https:\/\/przedszkole61.edu.wroclaw.pl\/wp-content\/uploads\/sites\/58\/2025\/02\/PHOTO-2025-02-28-10-30-42.jpg 675w, https:\/\/przedszkole61.edu.wroclaw.pl\/wp-content\/uploads\/sites\/58\/2025\/02\/PHOTO-2025-02-28-10-30-42-225x300.jpg 225w\" sizes=\"auto, (max-width: 675px) 100vw, 675px\" \/><\/a><\/div><p><\/p><\/div><\/div><div class='col-md-4'><figure tabindex='0' class='pe-gallery-item pe-gallery-modal' data-mfp-src='#modal-gallery-1-37061'><div class='pe-gallery-image portrait'>\r\n\t\t\t\t\t\t\t<img loading=\"lazy\" decoding=\"async\" width=\"225\" height=\"300\" src=\"https:\/\/przedszkole61.edu.wroclaw.pl\/wp-content\/uploads\/sites\/58\/2025\/02\/1-4-225x300.jpg\" class=\"attachment-medium size-medium\" alt=\"\" data-no-retina=\"\" srcset=\"https:\/\/przedszkole61.edu.wroclaw.pl\/wp-content\/uploads\/sites\/58\/2025\/02\/1-4-225x300.jpg 225w, https:\/\/przedszkole61.edu.wroclaw.pl\/wp-content\/uploads\/sites\/58\/2025\/02\/1-4.jpg 675w\" sizes=\"auto, (max-width: 225px) 100vw, 225px\" \/>\r\n\t\t\t\t\t\t<\/div><\/figure><div id='modal-gallery-1-37061' class='mfp-modal-content mfp-hide' tabindex='-1' role='dialog' aria-labelledby='gallery-1-37061' style='max-width: 675px;><h4 id='gallery-1-37061'>1<\/h4><div class='pe-gallery-full-image'><a href=\"https:\/\/przedszkole61.edu.wroclaw.pl\/wp-content\/uploads\/sites\/58\/2025\/02\/1-4.jpg\"><img loading=\"lazy\" decoding=\"async\" width=\"675\" height=\"900\" src=\"https:\/\/przedszkole61.edu.wroclaw.pl\/wp-content\/uploads\/sites\/58\/2025\/02\/1-4.jpg\" class=\"attachment-full size-full\" alt=\"\" data-no-retina=\"\" srcset=\"https:\/\/przedszkole61.edu.wroclaw.pl\/wp-content\/uploads\/sites\/58\/2025\/02\/1-4.jpg 675w, https:\/\/przedszkole61.edu.wroclaw.pl\/wp-content\/uploads\/sites\/58\/2025\/02\/1-4-225x300.jpg 225w\" sizes=\"auto, (max-width: 675px) 100vw, 675px\" \/><\/a><\/div><p><\/p><\/div><\/div><\/div><\/div>\n\n<p>&nbsp;<\/p>\n","protected":false},"excerpt":{"rendered":"<p>27 lutego 2025 Gajowickie Skrzaty z grupy IV wzi\u0119\u0142y udzia\u0142 w warsztatach edukacyjnych w MultiCentrum przy ulicy Powsta\u0144c\u00f3w \u015al\u0105skich. Podczas warsztat\u00f3w dzieci dowiedzia\u0142y si\u0119, jak dzia\u0142a ludzki wzrok, a dzi\u0119ki [&hellip;]<\/p>\n","protected":false},"author":241,"featured_media":37061,"comment_status":"closed","ping_status":"closed","sticky":false,"template":"","format":"standard","meta":{"ngg_post_thumbnail":0,"footnotes":""},"categories":[8],"tags":[],"class_list":["post-37060","post","type-post","status-publish","format-standard","has-post-thumbnail","hentry","category-wydarzenia","clearfix"],"_links":{"self":[{"href":"https:\/\/przedszkole61.edu.wroclaw.pl\/index.php\/wp-json\/wp\/v2\/posts\/37060","targetHints":{"allow":["GET"]}}],"collection":[{"href":"https:\/\/przedszkole61.edu.wroclaw.pl\/index.php\/wp-json\/wp\/v2\/posts"}],"about":[{"href":"https:\/\/przedszkole61.edu.wroclaw.pl\/index.php\/wp-json\/wp\/v2\/types\/post"}],"author":[{"embeddable":true,"href":"https:\/\/przedszkole61.edu.wroclaw.pl\/index.php\/wp-json\/wp\/v2\/users\/241"}],"replies":[{"embeddable":true,"href":"https:\/\/przedszkole61.edu.wroclaw.pl\/index.php\/wp-json\/wp\/v2\/comments?post=37060"}],"version-history":[{"count":3,"href":"https:\/\/przedszkole61.edu.wroclaw.pl\/index.php\/wp-json\/wp\/v2\/posts\/37060\/revisions"}],"predecessor-version":[{"id":37068,"href":"https:\/\/przedszkole61.edu.wroclaw.pl\/index.php\/wp-json\/wp\/v2\/posts\/37060\/revisions\/37068"}],"wp:featuredmedia":[{"embeddable":true,"href":"https:\/\/przedszkole61.edu.wroclaw.pl\/index.php\/wp-json\/wp\/v2\/media\/37061"}],"wp:attachment":[{"href":"https:\/\/przedszkole61.edu.wroclaw.pl\/index.php\/wp-json\/wp\/v2\/media?parent=37060"}],"wp:term":[{"taxonomy":"category","embeddable":true,"href":"https:\/\/przedszkole61.edu.wroclaw.pl\/index.php\/wp-json\/wp\/v2\/categories?post=37060"},{"taxonomy":"post_tag","embeddable":true,"href":"https:\/\/przedszkole61.edu.wroclaw.pl\/index.php\/wp-json\/wp\/v2\/tags?post=37060"}],"curies":[{"name":"wp","href":"https:\/\/api.w.org\/{rel}","templated":true}]}}