
{"id":37225,"date":"2025-03-21T23:58:02","date_gmt":"2025-03-21T22:58:02","guid":{"rendered":"https:\/\/przedszkole61.edu.wroclaw.pl\/?p=37225"},"modified":"2025-03-21T23:59:57","modified_gmt":"2025-03-21T22:59:57","slug":"witaj-wiosno-2","status":"publish","type":"post","link":"https:\/\/przedszkole61.edu.wroclaw.pl\/index.php\/2025\/03\/21\/witaj-wiosno-2\/","title":{"rendered":"Witaj Wiosno!"},"content":{"rendered":"<p><em><strong>Witaj wiosno! Jak si\u0119 masz? Wszyscy ci\u0119 witamy, wszyscy ci\u0119 kochamy b\u0105d\u017a w\u015br\u00f3d nas!<\/strong><\/em><\/p>\n<p><strong>Hura! Nareszcie Wiosna!<\/strong><\/p>\n<p><strong>Dzi\u0119kujemy Rodzicom Karolinki z grupy V za najpi\u0119kniejsz\u0105 Pani\u0105 Wiosn\u0119 w naszym ogrodzie.<\/strong><\/p>\n<p>&nbsp;<\/p>\n<div id='pe-gallery-1' class='pe-gallery pe-gallery-37225 columns-1 img-size-medium'><div class='pe-row'><div class='col-md-12'><figure tabindex='0' class='pe-gallery-item ' ><div class='pe-gallery-image landscape'>\r\n\t\t\t\t\t\t\t<a href=\"https:\/\/przedszkole61.edu.wroclaw.pl\/wp-content\/uploads\/sites\/58\/2025\/03\/PHOTO-2025-03-21-19-55-28.jpg\"><img loading=\"lazy\" decoding=\"async\" width=\"300\" height=\"225\" src=\"https:\/\/przedszkole61.edu.wroclaw.pl\/wp-content\/uploads\/sites\/58\/2025\/03\/PHOTO-2025-03-21-19-55-28-300x225.jpg\" class=\"attachment-medium size-medium\" alt=\"\" data-no-retina=\"\" srcset=\"https:\/\/przedszkole61.edu.wroclaw.pl\/wp-content\/uploads\/sites\/58\/2025\/03\/PHOTO-2025-03-21-19-55-28-300x225.jpg 300w, https:\/\/przedszkole61.edu.wroclaw.pl\/wp-content\/uploads\/sites\/58\/2025\/03\/PHOTO-2025-03-21-19-55-28-768x576.jpg 768w, https:\/\/przedszkole61.edu.wroclaw.pl\/wp-content\/uploads\/sites\/58\/2025\/03\/PHOTO-2025-03-21-19-55-28.jpg 900w\" sizes=\"auto, (max-width: 300px) 100vw, 300px\" \/><\/a>\r\n\t\t\t\t\t\t<\/div><\/figure><\/div><\/div><\/div>\n\n<h1 class=\"entry-title wp-dark-mode-bg-image\"><\/h1>\n","protected":false},"excerpt":{"rendered":"<p>Witaj wiosno! Jak si\u0119 masz? Wszyscy ci\u0119 witamy, wszyscy ci\u0119 kochamy b\u0105d\u017a w\u015br\u00f3d nas! Hura! Nareszcie Wiosna! Dzi\u0119kujemy Rodzicom Karolinki z grupy V za najpi\u0119kniejsz\u0105 Pani\u0105 Wiosn\u0119 w naszym ogrodzie. [&hellip;]<\/p>\n","protected":false},"author":241,"featured_media":37226,"comment_status":"closed","ping_status":"closed","sticky":false,"template":"","format":"standard","meta":{"ngg_post_thumbnail":0,"footnotes":""},"categories":[8],"tags":[],"class_list":["post-37225","post","type-post","status-publish","format-standard","has-post-thumbnail","hentry","category-wydarzenia","clearfix"],"_links":{"self":[{"href":"https:\/\/przedszkole61.edu.wroclaw.pl\/index.php\/wp-json\/wp\/v2\/posts\/37225","targetHints":{"allow":["GET"]}}],"collection":[{"href":"https:\/\/przedszkole61.edu.wroclaw.pl\/index.php\/wp-json\/wp\/v2\/posts"}],"about":[{"href":"https:\/\/przedszkole61.edu.wroclaw.pl\/index.php\/wp-json\/wp\/v2\/types\/post"}],"author":[{"embeddable":true,"href":"https:\/\/przedszkole61.edu.wroclaw.pl\/index.php\/wp-json\/wp\/v2\/users\/241"}],"replies":[{"embeddable":true,"href":"https:\/\/przedszkole61.edu.wroclaw.pl\/index.php\/wp-json\/wp\/v2\/comments?post=37225"}],"version-history":[{"count":3,"href":"https:\/\/przedszkole61.edu.wroclaw.pl\/index.php\/wp-json\/wp\/v2\/posts\/37225\/revisions"}],"predecessor-version":[{"id":37229,"href":"https:\/\/przedszkole61.edu.wroclaw.pl\/index.php\/wp-json\/wp\/v2\/posts\/37225\/revisions\/37229"}],"wp:featuredmedia":[{"embeddable":true,"href":"https:\/\/przedszkole61.edu.wroclaw.pl\/index.php\/wp-json\/wp\/v2\/media\/37226"}],"wp:attachment":[{"href":"https:\/\/przedszkole61.edu.wroclaw.pl\/index.php\/wp-json\/wp\/v2\/media?parent=37225"}],"wp:term":[{"taxonomy":"category","embeddable":true,"href":"https:\/\/przedszkole61.edu.wroclaw.pl\/index.php\/wp-json\/wp\/v2\/categories?post=37225"},{"taxonomy":"post_tag","embeddable":true,"href":"https:\/\/przedszkole61.edu.wroclaw.pl\/index.php\/wp-json\/wp\/v2\/tags?post=37225"}],"curies":[{"name":"wp","href":"https:\/\/api.w.org\/{rel}","templated":true}]}}