
{"id":37243,"date":"2025-03-26T22:36:06","date_gmt":"2025-03-26T21:36:06","guid":{"rendered":"https:\/\/przedszkole61.edu.wroclaw.pl\/?p=37243"},"modified":"2025-03-26T22:38:16","modified_gmt":"2025-03-26T21:38:16","slug":"magiczny-swiat-teatrzyku-kamishibai-2","status":"publish","type":"post","link":"https:\/\/przedszkole61.edu.wroclaw.pl\/index.php\/2025\/03\/26\/magiczny-swiat-teatrzyku-kamishibai-2\/","title":{"rendered":"Magiczny \u015bwiat Teatrzyku Kamishibai"},"content":{"rendered":"<p><strong>26 marca 2025<\/strong> Gajowickie Skrzaty z grupy IV i V obejrza\u0142y i wys\u0142ucha\u0142y bajki pt. Groszki F. Malnuit, zaprezentowanej w formie teatrzyku kamishibai. Dzieci dowiedzia\u0142y si\u0119, jakie s\u0105 etapy wzrostu ro\u015blin na przyk\u0142adzie zielonego groszku, pozna\u0142y nowe s\u0142owa, m. in.: gleba, kie\u0142kowanie, str\u0105czek oraz wsp\u00f3lnie zastanowi\u0142y si\u0119 do czego s\u0142u\u017cy groszek i co mo\u017cna z nim zrobi\u0107. Na zako\u0144czenie spotkania dzieci kolorowa\u0142y obrazki przedstawiaj\u0105ce groszki i zasadzi\u0142y w doniczkach oczywi\u015bcie groszki <a href=\"https:\/\/przedszkole61.edu.wroclaw.pl\/wp-content\/uploads\/sites\/58\/2023\/09\/Bez-nazwy-e1708120302613.jpg\"><img loading=\"lazy\" decoding=\"async\" class=\"alignnone wp-image-33385\" src=\"https:\/\/przedszkole61.edu.wroclaw.pl\/wp-content\/uploads\/sites\/58\/2023\/09\/Bez-nazwy-284x300.jpg\" alt=\"\" width=\"24\" height=\"25\" \/><\/a> Teraz codziennie b\u0119d\u0105 dogl\u0105da\u0107, a\u017c ro\u015blinki zakie\u0142kuj\u0105 i wypuszcz\u0105 pierwsze listki.<\/p>\n<p><strong>Zaj\u0119cia przeprowadzi\u0142a Pani Marta \u2013 edukator z Dolno\u015bl\u0105skiej Biblioteki Pedagogicznej. Dzi\u0119kujemy!<\/strong><\/p>\n<p>&nbsp;<\/p>\n<div id='pe-gallery-1' class='pe-gallery pe-gallery-37243 columns-3 img-size-medium'><div class='pe-row'><div class='col-md-4'><figure tabindex='0' class='pe-gallery-item ' ><div class='pe-gallery-image portrait'>\r\n\t\t\t\t\t\t\t<a href=\"https:\/\/przedszkole61.edu.wroclaw.pl\/wp-content\/uploads\/sites\/58\/2025\/03\/PHOTO-2025-03-26-11-00-14.jpg\"><img loading=\"lazy\" decoding=\"async\" width=\"225\" height=\"300\" src=\"https:\/\/przedszkole61.edu.wroclaw.pl\/wp-content\/uploads\/sites\/58\/2025\/03\/PHOTO-2025-03-26-11-00-14-225x300.jpg\" class=\"attachment-medium size-medium\" alt=\"\" data-no-retina=\"\" srcset=\"https:\/\/przedszkole61.edu.wroclaw.pl\/wp-content\/uploads\/sites\/58\/2025\/03\/PHOTO-2025-03-26-11-00-14-225x300.jpg 225w, https:\/\/przedszkole61.edu.wroclaw.pl\/wp-content\/uploads\/sites\/58\/2025\/03\/PHOTO-2025-03-26-11-00-14.jpg 675w\" sizes=\"auto, (max-width: 225px) 100vw, 225px\" \/><\/a>\r\n\t\t\t\t\t\t<\/div><\/figure><\/div><div class='col-md-4'><figure tabindex='0' class='pe-gallery-item ' ><div class='pe-gallery-image portrait'>\r\n\t\t\t\t\t\t\t<a href=\"https:\/\/przedszkole61.edu.wroclaw.pl\/wp-content\/uploads\/sites\/58\/2025\/03\/PHOTO-2025-03-26-11-00-11.jpg\"><img loading=\"lazy\" decoding=\"async\" width=\"225\" height=\"300\" src=\"https:\/\/przedszkole61.edu.wroclaw.pl\/wp-content\/uploads\/sites\/58\/2025\/03\/PHOTO-2025-03-26-11-00-11-225x300.jpg\" class=\"attachment-medium size-medium\" alt=\"\" data-no-retina=\"\" srcset=\"https:\/\/przedszkole61.edu.wroclaw.pl\/wp-content\/uploads\/sites\/58\/2025\/03\/PHOTO-2025-03-26-11-00-11-225x300.jpg 225w, https:\/\/przedszkole61.edu.wroclaw.pl\/wp-content\/uploads\/sites\/58\/2025\/03\/PHOTO-2025-03-26-11-00-11.jpg 675w\" sizes=\"auto, (max-width: 225px) 100vw, 225px\" \/><\/a>\r\n\t\t\t\t\t\t<\/div><\/figure><\/div><div class='col-md-4'><figure tabindex='0' class='pe-gallery-item ' ><div class='pe-gallery-image portrait'>\r\n\t\t\t\t\t\t\t<a href=\"https:\/\/przedszkole61.edu.wroclaw.pl\/wp-content\/uploads\/sites\/58\/2025\/03\/PHOTO-2025-03-26-11-00-01.jpg\"><img loading=\"lazy\" decoding=\"async\" width=\"225\" height=\"300\" src=\"https:\/\/przedszkole61.edu.wroclaw.pl\/wp-content\/uploads\/sites\/58\/2025\/03\/PHOTO-2025-03-26-11-00-01-225x300.jpg\" class=\"attachment-medium size-medium\" alt=\"\" data-no-retina=\"\" srcset=\"https:\/\/przedszkole61.edu.wroclaw.pl\/wp-content\/uploads\/sites\/58\/2025\/03\/PHOTO-2025-03-26-11-00-01-225x300.jpg 225w, https:\/\/przedszkole61.edu.wroclaw.pl\/wp-content\/uploads\/sites\/58\/2025\/03\/PHOTO-2025-03-26-11-00-01.jpg 675w\" sizes=\"auto, (max-width: 225px) 100vw, 225px\" \/><\/a>\r\n\t\t\t\t\t\t<\/div><\/figure><\/div><div class='col-md-4'><figure tabindex='0' class='pe-gallery-item ' ><div class='pe-gallery-image portrait'>\r\n\t\t\t\t\t\t\t<a href=\"https:\/\/przedszkole61.edu.wroclaw.pl\/wp-content\/uploads\/sites\/58\/2025\/03\/PHOTO-2025-03-26-10-59-59.jpg\"><img loading=\"lazy\" decoding=\"async\" width=\"225\" height=\"300\" src=\"https:\/\/przedszkole61.edu.wroclaw.pl\/wp-content\/uploads\/sites\/58\/2025\/03\/PHOTO-2025-03-26-10-59-59-225x300.jpg\" class=\"attachment-medium size-medium\" alt=\"\" data-no-retina=\"\" srcset=\"https:\/\/przedszkole61.edu.wroclaw.pl\/wp-content\/uploads\/sites\/58\/2025\/03\/PHOTO-2025-03-26-10-59-59-225x300.jpg 225w, https:\/\/przedszkole61.edu.wroclaw.pl\/wp-content\/uploads\/sites\/58\/2025\/03\/PHOTO-2025-03-26-10-59-59.jpg 675w\" sizes=\"auto, (max-width: 225px) 100vw, 225px\" \/><\/a>\r\n\t\t\t\t\t\t<\/div><\/figure><\/div><div class='col-md-4'><figure tabindex='0' class='pe-gallery-item ' ><div class='pe-gallery-image portrait'>\r\n\t\t\t\t\t\t\t<a href=\"https:\/\/przedszkole61.edu.wroclaw.pl\/wp-content\/uploads\/sites\/58\/2025\/03\/PHOTO-2025-03-26-10-59-57.jpg\"><img loading=\"lazy\" decoding=\"async\" width=\"225\" height=\"300\" src=\"https:\/\/przedszkole61.edu.wroclaw.pl\/wp-content\/uploads\/sites\/58\/2025\/03\/PHOTO-2025-03-26-10-59-57-225x300.jpg\" class=\"attachment-medium size-medium\" alt=\"\" data-no-retina=\"\" srcset=\"https:\/\/przedszkole61.edu.wroclaw.pl\/wp-content\/uploads\/sites\/58\/2025\/03\/PHOTO-2025-03-26-10-59-57-225x300.jpg 225w, https:\/\/przedszkole61.edu.wroclaw.pl\/wp-content\/uploads\/sites\/58\/2025\/03\/PHOTO-2025-03-26-10-59-57.jpg 675w\" sizes=\"auto, (max-width: 225px) 100vw, 225px\" \/><\/a>\r\n\t\t\t\t\t\t<\/div><\/figure><\/div><div class='col-md-4'><figure tabindex='0' class='pe-gallery-item ' ><div class='pe-gallery-image portrait'>\r\n\t\t\t\t\t\t\t<a href=\"https:\/\/przedszkole61.edu.wroclaw.pl\/wp-content\/uploads\/sites\/58\/2025\/03\/PHOTO-2025-03-26-10-59-55.jpg\"><img loading=\"lazy\" decoding=\"async\" width=\"225\" height=\"300\" src=\"https:\/\/przedszkole61.edu.wroclaw.pl\/wp-content\/uploads\/sites\/58\/2025\/03\/PHOTO-2025-03-26-10-59-55-225x300.jpg\" class=\"attachment-medium size-medium\" alt=\"\" data-no-retina=\"\" srcset=\"https:\/\/przedszkole61.edu.wroclaw.pl\/wp-content\/uploads\/sites\/58\/2025\/03\/PHOTO-2025-03-26-10-59-55-225x300.jpg 225w, https:\/\/przedszkole61.edu.wroclaw.pl\/wp-content\/uploads\/sites\/58\/2025\/03\/PHOTO-2025-03-26-10-59-55.jpg 675w\" sizes=\"auto, (max-width: 225px) 100vw, 225px\" \/><\/a>\r\n\t\t\t\t\t\t<\/div><\/figure><\/div><div class='col-md-4'><figure tabindex='0' class='pe-gallery-item ' ><div class='pe-gallery-image portrait'>\r\n\t\t\t\t\t\t\t<a href=\"https:\/\/przedszkole61.edu.wroclaw.pl\/wp-content\/uploads\/sites\/58\/2025\/03\/PHOTO-2025-03-26-10-59-44.jpg\"><img loading=\"lazy\" decoding=\"async\" width=\"225\" height=\"300\" src=\"https:\/\/przedszkole61.edu.wroclaw.pl\/wp-content\/uploads\/sites\/58\/2025\/03\/PHOTO-2025-03-26-10-59-44-225x300.jpg\" class=\"attachment-medium size-medium\" alt=\"\" data-no-retina=\"\" srcset=\"https:\/\/przedszkole61.edu.wroclaw.pl\/wp-content\/uploads\/sites\/58\/2025\/03\/PHOTO-2025-03-26-10-59-44-225x300.jpg 225w, https:\/\/przedszkole61.edu.wroclaw.pl\/wp-content\/uploads\/sites\/58\/2025\/03\/PHOTO-2025-03-26-10-59-44.jpg 675w\" sizes=\"auto, (max-width: 225px) 100vw, 225px\" \/><\/a>\r\n\t\t\t\t\t\t<\/div><\/figure><\/div><div class='col-md-4'><figure tabindex='0' class='pe-gallery-item ' ><div class='pe-gallery-image portrait'>\r\n\t\t\t\t\t\t\t<a href=\"https:\/\/przedszkole61.edu.wroclaw.pl\/wp-content\/uploads\/sites\/58\/2025\/03\/PHOTO-2025-03-26-10-59-42.jpg\"><img loading=\"lazy\" decoding=\"async\" width=\"240\" height=\"300\" src=\"https:\/\/przedszkole61.edu.wroclaw.pl\/wp-content\/uploads\/sites\/58\/2025\/03\/PHOTO-2025-03-26-10-59-42-240x300.jpg\" class=\"attachment-medium size-medium\" alt=\"\" data-no-retina=\"\" srcset=\"https:\/\/przedszkole61.edu.wroclaw.pl\/wp-content\/uploads\/sites\/58\/2025\/03\/PHOTO-2025-03-26-10-59-42-240x300.jpg 240w, https:\/\/przedszkole61.edu.wroclaw.pl\/wp-content\/uploads\/sites\/58\/2025\/03\/PHOTO-2025-03-26-10-59-42.jpg 720w\" sizes=\"auto, (max-width: 240px) 100vw, 240px\" \/><\/a>\r\n\t\t\t\t\t\t<\/div><\/figure><\/div><div class='col-md-4'><figure tabindex='0' class='pe-gallery-item ' ><div class='pe-gallery-image landscape'>\r\n\t\t\t\t\t\t\t<a href=\"https:\/\/przedszkole61.edu.wroclaw.pl\/wp-content\/uploads\/sites\/58\/2025\/03\/IMG_4617.jpg\"><img loading=\"lazy\" decoding=\"async\" width=\"300\" height=\"225\" src=\"https:\/\/przedszkole61.edu.wroclaw.pl\/wp-content\/uploads\/sites\/58\/2025\/03\/IMG_4617-300x225.jpg\" class=\"attachment-medium size-medium\" alt=\"\" data-no-retina=\"\" srcset=\"https:\/\/przedszkole61.edu.wroclaw.pl\/wp-content\/uploads\/sites\/58\/2025\/03\/IMG_4617-300x225.jpg 300w, https:\/\/przedszkole61.edu.wroclaw.pl\/wp-content\/uploads\/sites\/58\/2025\/03\/IMG_4617-768x576.jpg 768w, https:\/\/przedszkole61.edu.wroclaw.pl\/wp-content\/uploads\/sites\/58\/2025\/03\/IMG_4617.jpg 900w\" sizes=\"auto, (max-width: 300px) 100vw, 300px\" \/><\/a>\r\n\t\t\t\t\t\t<\/div><\/figure><\/div><div class='col-md-4'><figure tabindex='0' class='pe-gallery-item ' ><div class='pe-gallery-image landscape'>\r\n\t\t\t\t\t\t\t<a href=\"https:\/\/przedszkole61.edu.wroclaw.pl\/wp-content\/uploads\/sites\/58\/2025\/03\/IMG_4614.jpg\"><img loading=\"lazy\" decoding=\"async\" width=\"300\" height=\"225\" src=\"https:\/\/przedszkole61.edu.wroclaw.pl\/wp-content\/uploads\/sites\/58\/2025\/03\/IMG_4614-300x225.jpg\" class=\"attachment-medium size-medium\" alt=\"\" data-no-retina=\"\" srcset=\"https:\/\/przedszkole61.edu.wroclaw.pl\/wp-content\/uploads\/sites\/58\/2025\/03\/IMG_4614-300x225.jpg 300w, https:\/\/przedszkole61.edu.wroclaw.pl\/wp-content\/uploads\/sites\/58\/2025\/03\/IMG_4614-768x576.jpg 768w, https:\/\/przedszkole61.edu.wroclaw.pl\/wp-content\/uploads\/sites\/58\/2025\/03\/IMG_4614.jpg 900w\" sizes=\"auto, (max-width: 300px) 100vw, 300px\" \/><\/a>\r\n\t\t\t\t\t\t<\/div><\/figure><\/div><div class='col-md-4'><figure tabindex='0' class='pe-gallery-item ' ><div class='pe-gallery-image landscape'>\r\n\t\t\t\t\t\t\t<a href=\"https:\/\/przedszkole61.edu.wroclaw.pl\/wp-content\/uploads\/sites\/58\/2025\/03\/IMG_4612.jpg\"><img loading=\"lazy\" decoding=\"async\" width=\"300\" height=\"225\" src=\"https:\/\/przedszkole61.edu.wroclaw.pl\/wp-content\/uploads\/sites\/58\/2025\/03\/IMG_4612-300x225.jpg\" class=\"attachment-medium size-medium\" alt=\"\" data-no-retina=\"\" srcset=\"https:\/\/przedszkole61.edu.wroclaw.pl\/wp-content\/uploads\/sites\/58\/2025\/03\/IMG_4612-300x225.jpg 300w, https:\/\/przedszkole61.edu.wroclaw.pl\/wp-content\/uploads\/sites\/58\/2025\/03\/IMG_4612-768x576.jpg 768w, https:\/\/przedszkole61.edu.wroclaw.pl\/wp-content\/uploads\/sites\/58\/2025\/03\/IMG_4612.jpg 900w\" sizes=\"auto, (max-width: 300px) 100vw, 300px\" \/><\/a>\r\n\t\t\t\t\t\t<\/div><\/figure><\/div><div class='col-md-4'><figure tabindex='0' class='pe-gallery-item ' ><div class='pe-gallery-image landscape'>\r\n\t\t\t\t\t\t\t<a href=\"https:\/\/przedszkole61.edu.wroclaw.pl\/wp-content\/uploads\/sites\/58\/2025\/03\/IMG_4609.jpg\"><img loading=\"lazy\" decoding=\"async\" width=\"300\" height=\"225\" src=\"https:\/\/przedszkole61.edu.wroclaw.pl\/wp-content\/uploads\/sites\/58\/2025\/03\/IMG_4609-300x225.jpg\" class=\"attachment-medium size-medium\" alt=\"\" data-no-retina=\"\" srcset=\"https:\/\/przedszkole61.edu.wroclaw.pl\/wp-content\/uploads\/sites\/58\/2025\/03\/IMG_4609-300x225.jpg 300w, https:\/\/przedszkole61.edu.wroclaw.pl\/wp-content\/uploads\/sites\/58\/2025\/03\/IMG_4609-768x576.jpg 768w, https:\/\/przedszkole61.edu.wroclaw.pl\/wp-content\/uploads\/sites\/58\/2025\/03\/IMG_4609.jpg 900w\" sizes=\"auto, (max-width: 300px) 100vw, 300px\" \/><\/a>\r\n\t\t\t\t\t\t<\/div><\/figure><\/div><\/div><\/div>\n\n","protected":false},"excerpt":{"rendered":"<p>26 marca 2025 Gajowickie Skrzaty z grupy IV i V obejrza\u0142y i wys\u0142ucha\u0142y bajki pt. Groszki F. Malnuit, zaprezentowanej w formie teatrzyku kamishibai. Dzieci dowiedzia\u0142y si\u0119, jakie s\u0105 etapy wzrostu [&hellip;]<\/p>\n","protected":false},"author":241,"featured_media":37246,"comment_status":"closed","ping_status":"closed","sticky":false,"template":"","format":"standard","meta":{"ngg_post_thumbnail":0,"footnotes":""},"categories":[8],"tags":[],"class_list":["post-37243","post","type-post","status-publish","format-standard","has-post-thumbnail","hentry","category-wydarzenia","clearfix"],"_links":{"self":[{"href":"https:\/\/przedszkole61.edu.wroclaw.pl\/index.php\/wp-json\/wp\/v2\/posts\/37243","targetHints":{"allow":["GET"]}}],"collection":[{"href":"https:\/\/przedszkole61.edu.wroclaw.pl\/index.php\/wp-json\/wp\/v2\/posts"}],"about":[{"href":"https:\/\/przedszkole61.edu.wroclaw.pl\/index.php\/wp-json\/wp\/v2\/types\/post"}],"author":[{"embeddable":true,"href":"https:\/\/przedszkole61.edu.wroclaw.pl\/index.php\/wp-json\/wp\/v2\/users\/241"}],"replies":[{"embeddable":true,"href":"https:\/\/przedszkole61.edu.wroclaw.pl\/index.php\/wp-json\/wp\/v2\/comments?post=37243"}],"version-history":[{"count":1,"href":"https:\/\/przedszkole61.edu.wroclaw.pl\/index.php\/wp-json\/wp\/v2\/posts\/37243\/revisions"}],"predecessor-version":[{"id":37256,"href":"https:\/\/przedszkole61.edu.wroclaw.pl\/index.php\/wp-json\/wp\/v2\/posts\/37243\/revisions\/37256"}],"wp:featuredmedia":[{"embeddable":true,"href":"https:\/\/przedszkole61.edu.wroclaw.pl\/index.php\/wp-json\/wp\/v2\/media\/37246"}],"wp:attachment":[{"href":"https:\/\/przedszkole61.edu.wroclaw.pl\/index.php\/wp-json\/wp\/v2\/media?parent=37243"}],"wp:term":[{"taxonomy":"category","embeddable":true,"href":"https:\/\/przedszkole61.edu.wroclaw.pl\/index.php\/wp-json\/wp\/v2\/categories?post=37243"},{"taxonomy":"post_tag","embeddable":true,"href":"https:\/\/przedszkole61.edu.wroclaw.pl\/index.php\/wp-json\/wp\/v2\/tags?post=37243"}],"curies":[{"name":"wp","href":"https:\/\/api.w.org\/{rel}","templated":true}]}}