
{"id":37287,"date":"2025-03-28T22:37:43","date_gmt":"2025-03-28T21:37:43","guid":{"rendered":"https:\/\/przedszkole61.edu.wroclaw.pl\/?p=37287"},"modified":"2025-03-28T22:43:56","modified_gmt":"2025-03-28T21:43:56","slug":"the-voice-61-ii-edycja","status":"publish","type":"post","link":"https:\/\/przedszkole61.edu.wroclaw.pl\/index.php\/2025\/03\/28\/the-voice-61-ii-edycja\/","title":{"rendered":"The Voice 61 &#8211; II edycja"},"content":{"rendered":"<p><strong>28 marca 2025 <\/strong>w naszym przedszkolu odby\u0142a si\u0119 II edycja Przegl\u0105du Piosenki\u00a0 &#8211; The Voice 61 W tegorocznej edycji wzi\u0119\u0142o udzia\u0142 17 dzieci z r\u00f3\u017cnych grup wiekowych. <strong>Wszystkie dzieci zaprezentowa\u0142y si\u0119 wspaniale! Gratulujemy!\u00a0<\/strong><\/p>\n<p>Uczestnicy przegl\u0105du otrzymali pami\u0105tkowe dyplomy i upominki.<\/p>\n<p>Cele przegl\u0105du: rozwijanie zainteresowa\u0144 i zdolno\u015bci muzycznych dzieci, rozbudzanie zami\u0142owania do \u015bpiewu, oraz integracja spo\u0142eczno\u015bci przedszkolnej.<\/p>\n<p><strong>Dzi\u0119kujemy Rodzicom za wspania\u0142e przygotowanie dzieci do udzia\u0142u w przegl\u0105dzie.\u00a0<\/strong><\/p>\n<p>&nbsp;<\/p>\n<div id='pe-gallery-1' class='pe-gallery pe-gallery-37287 columns-1 img-size-medium'><div class='pe-row'><div class='col-md-12'><figure tabindex='0' class='pe-gallery-item ' ><div class='pe-gallery-image landscape'>\r\n\t\t\t\t\t\t\t<a href=\"https:\/\/przedszkole61.edu.wroclaw.pl\/wp-content\/uploads\/sites\/58\/2025\/03\/PHOTO-2025-03-28-11-19-00.jpg\"><img loading=\"lazy\" decoding=\"async\" width=\"300\" height=\"225\" src=\"https:\/\/przedszkole61.edu.wroclaw.pl\/wp-content\/uploads\/sites\/58\/2025\/03\/PHOTO-2025-03-28-11-19-00-300x225.jpg\" class=\"attachment-medium size-medium\" alt=\"\" data-no-retina=\"\" srcset=\"https:\/\/przedszkole61.edu.wroclaw.pl\/wp-content\/uploads\/sites\/58\/2025\/03\/PHOTO-2025-03-28-11-19-00-300x225.jpg 300w, https:\/\/przedszkole61.edu.wroclaw.pl\/wp-content\/uploads\/sites\/58\/2025\/03\/PHOTO-2025-03-28-11-19-00-768x576.jpg 768w, https:\/\/przedszkole61.edu.wroclaw.pl\/wp-content\/uploads\/sites\/58\/2025\/03\/PHOTO-2025-03-28-11-19-00.jpg 900w\" sizes=\"auto, (max-width: 300px) 100vw, 300px\" \/><\/a>\r\n\t\t\t\t\t\t<\/div><\/figure><\/div><\/div><\/div>\n\n<p>&nbsp;<\/p>\n","protected":false},"excerpt":{"rendered":"<p>28 marca 2025 w naszym przedszkolu odby\u0142a si\u0119 II edycja Przegl\u0105du Piosenki\u00a0 &#8211; The Voice 61 W tegorocznej edycji wzi\u0119\u0142o udzia\u0142 17 dzieci z r\u00f3\u017cnych grup wiekowych. Wszystkie dzieci zaprezentowa\u0142y [&hellip;]<\/p>\n","protected":false},"author":241,"featured_media":37288,"comment_status":"closed","ping_status":"closed","sticky":false,"template":"","format":"standard","meta":{"ngg_post_thumbnail":0,"footnotes":""},"categories":[8],"tags":[],"class_list":["post-37287","post","type-post","status-publish","format-standard","has-post-thumbnail","hentry","category-wydarzenia","clearfix"],"_links":{"self":[{"href":"https:\/\/przedszkole61.edu.wroclaw.pl\/index.php\/wp-json\/wp\/v2\/posts\/37287","targetHints":{"allow":["GET"]}}],"collection":[{"href":"https:\/\/przedszkole61.edu.wroclaw.pl\/index.php\/wp-json\/wp\/v2\/posts"}],"about":[{"href":"https:\/\/przedszkole61.edu.wroclaw.pl\/index.php\/wp-json\/wp\/v2\/types\/post"}],"author":[{"embeddable":true,"href":"https:\/\/przedszkole61.edu.wroclaw.pl\/index.php\/wp-json\/wp\/v2\/users\/241"}],"replies":[{"embeddable":true,"href":"https:\/\/przedszkole61.edu.wroclaw.pl\/index.php\/wp-json\/wp\/v2\/comments?post=37287"}],"version-history":[{"count":2,"href":"https:\/\/przedszkole61.edu.wroclaw.pl\/index.php\/wp-json\/wp\/v2\/posts\/37287\/revisions"}],"predecessor-version":[{"id":37296,"href":"https:\/\/przedszkole61.edu.wroclaw.pl\/index.php\/wp-json\/wp\/v2\/posts\/37287\/revisions\/37296"}],"wp:featuredmedia":[{"embeddable":true,"href":"https:\/\/przedszkole61.edu.wroclaw.pl\/index.php\/wp-json\/wp\/v2\/media\/37288"}],"wp:attachment":[{"href":"https:\/\/przedszkole61.edu.wroclaw.pl\/index.php\/wp-json\/wp\/v2\/media?parent=37287"}],"wp:term":[{"taxonomy":"category","embeddable":true,"href":"https:\/\/przedszkole61.edu.wroclaw.pl\/index.php\/wp-json\/wp\/v2\/categories?post=37287"},{"taxonomy":"post_tag","embeddable":true,"href":"https:\/\/przedszkole61.edu.wroclaw.pl\/index.php\/wp-json\/wp\/v2\/tags?post=37287"}],"curies":[{"name":"wp","href":"https:\/\/api.w.org\/{rel}","templated":true}]}}