
{"id":37299,"date":"2025-03-31T22:16:33","date_gmt":"2025-03-31T20:16:33","guid":{"rendered":"https:\/\/przedszkole61.edu.wroclaw.pl\/?p=37299"},"modified":"2025-03-31T22:16:33","modified_gmt":"2025-03-31T20:16:33","slug":"powraca-chor-2","status":"publish","type":"post","link":"https:\/\/przedszkole61.edu.wroclaw.pl\/index.php\/2025\/03\/31\/powraca-chor-2\/","title":{"rendered":"Powraca ch\u00f3r!"},"content":{"rendered":"<p><strong>Drodzy Rodzice, p<\/strong><strong>owracaj\u0105 \u00a0zaj\u0119cia ch\u00f3ralne:<\/strong><\/p>\n<p><strong>Nowa Pani dyrygent to Alicja Turowska.<\/strong><\/p>\n<p><strong>Terminy zaj\u0119\u0107:<\/strong><\/p>\n<p><strong>4 latki\u00a0 czwartek \u2013 14.30 \u2013 15.15<\/strong><\/p>\n<p><strong>5-6 latki pi\u0105tek \u2013 14.15. 15.00<\/strong><\/p>\n","protected":false},"excerpt":{"rendered":"<p>Drodzy Rodzice, powracaj\u0105 \u00a0zaj\u0119cia ch\u00f3ralne: Nowa Pani dyrygent to Alicja Turowska. Terminy zaj\u0119\u0107: 4 latki\u00a0 czwartek \u2013 14.30 \u2013 15.15 5-6 latki pi\u0105tek \u2013 14.15. 15.00<\/p>\n","protected":false},"author":241,"featured_media":25779,"comment_status":"closed","ping_status":"closed","sticky":false,"template":"","format":"standard","meta":{"ngg_post_thumbnail":0,"footnotes":""},"categories":[1],"tags":[],"class_list":["post-37299","post","type-post","status-publish","format-standard","has-post-thumbnail","hentry","category-aktualnosci","clearfix"],"_links":{"self":[{"href":"https:\/\/przedszkole61.edu.wroclaw.pl\/index.php\/wp-json\/wp\/v2\/posts\/37299","targetHints":{"allow":["GET"]}}],"collection":[{"href":"https:\/\/przedszkole61.edu.wroclaw.pl\/index.php\/wp-json\/wp\/v2\/posts"}],"about":[{"href":"https:\/\/przedszkole61.edu.wroclaw.pl\/index.php\/wp-json\/wp\/v2\/types\/post"}],"author":[{"embeddable":true,"href":"https:\/\/przedszkole61.edu.wroclaw.pl\/index.php\/wp-json\/wp\/v2\/users\/241"}],"replies":[{"embeddable":true,"href":"https:\/\/przedszkole61.edu.wroclaw.pl\/index.php\/wp-json\/wp\/v2\/comments?post=37299"}],"version-history":[{"count":1,"href":"https:\/\/przedszkole61.edu.wroclaw.pl\/index.php\/wp-json\/wp\/v2\/posts\/37299\/revisions"}],"predecessor-version":[{"id":37300,"href":"https:\/\/przedszkole61.edu.wroclaw.pl\/index.php\/wp-json\/wp\/v2\/posts\/37299\/revisions\/37300"}],"wp:featuredmedia":[{"embeddable":true,"href":"https:\/\/przedszkole61.edu.wroclaw.pl\/index.php\/wp-json\/wp\/v2\/media\/25779"}],"wp:attachment":[{"href":"https:\/\/przedszkole61.edu.wroclaw.pl\/index.php\/wp-json\/wp\/v2\/media?parent=37299"}],"wp:term":[{"taxonomy":"category","embeddable":true,"href":"https:\/\/przedszkole61.edu.wroclaw.pl\/index.php\/wp-json\/wp\/v2\/categories?post=37299"},{"taxonomy":"post_tag","embeddable":true,"href":"https:\/\/przedszkole61.edu.wroclaw.pl\/index.php\/wp-json\/wp\/v2\/tags?post=37299"}],"curies":[{"name":"wp","href":"https:\/\/api.w.org\/{rel}","templated":true}]}}