
{"id":37364,"date":"2025-04-08T21:47:48","date_gmt":"2025-04-08T19:47:48","guid":{"rendered":"https:\/\/przedszkole61.edu.wroclaw.pl\/?p=37364"},"modified":"2025-06-05T21:35:00","modified_gmt":"2025-06-05T19:35:00","slug":"wybuchowe-eksperymenty-w-tematyce-wielkanocnej-z-wystrzalowym-jajkiem-w-roli-glownej","status":"publish","type":"post","link":"https:\/\/przedszkole61.edu.wroclaw.pl\/index.php\/2025\/04\/08\/wybuchowe-eksperymenty-w-tematyce-wielkanocnej-z-wystrzalowym-jajkiem-w-roli-glownej\/","title":{"rendered":"Wybuchowe eksperymenty w tematyce wielkanocnej z wystrza\u0142owym jajkiem w roli g\u0142\u00f3wnej"},"content":{"rendered":"<p><strong>08 kwietnia 2025 <\/strong>Gajowickie Skrzaty wzi\u0119\u0142y udzia\u0142 w ekscytuj\u0105cej podr\u00f3\u017cy przez fascynuj\u0105ce reakcje chemiczne. <strong>Wybuchowe jajko i kolorowa piana to by\u0142a super zabawa!<\/strong><\/p>\n<p><strong>Organizacja i prowadzenie warsztat\u00f3w \u2013 Pani Anna i Pani Gabrysia, czyli Animania \u2013 firma z pasj\u0105.<\/strong><\/p>\n<p>&nbsp;<\/p>\n<div id='pe-gallery-1' class='pe-gallery pe-gallery-37364 columns-3 img-size-medium'><div class='pe-row'><div class='col-md-4'><figure tabindex='0' class='pe-gallery-item pe-gallery-modal' data-mfp-src='#modal-gallery-1-37365'><div class='pe-gallery-image landscape'>\r\n\t\t\t\t\t\t\t<img loading=\"lazy\" decoding=\"async\" width=\"300\" height=\"169\" src=\"https:\/\/przedszkole61.edu.wroclaw.pl\/wp-content\/uploads\/sites\/58\/2025\/04\/1-2-300x169.jpg\" class=\"attachment-medium size-medium\" alt=\"\" data-no-retina=\"\" srcset=\"https:\/\/przedszkole61.edu.wroclaw.pl\/wp-content\/uploads\/sites\/58\/2025\/04\/1-2-300x169.jpg 300w, https:\/\/przedszkole61.edu.wroclaw.pl\/wp-content\/uploads\/sites\/58\/2025\/04\/1-2-768x432.jpg 768w, https:\/\/przedszkole61.edu.wroclaw.pl\/wp-content\/uploads\/sites\/58\/2025\/04\/1-2.jpg 900w\" sizes=\"auto, (max-width: 300px) 100vw, 300px\" \/>\r\n\t\t\t\t\t\t<\/div><\/figure><div id='modal-gallery-1-37365' class='mfp-modal-content mfp-hide' tabindex='-1' role='dialog' aria-labelledby='gallery-1-37365' style='max-width: 900px;><h4 id='gallery-1-37365'>1<\/h4><div class='pe-gallery-full-image'><a href=\"https:\/\/przedszkole61.edu.wroclaw.pl\/wp-content\/uploads\/sites\/58\/2025\/04\/1-2.jpg\"><img loading=\"lazy\" decoding=\"async\" width=\"900\" height=\"506\" src=\"https:\/\/przedszkole61.edu.wroclaw.pl\/wp-content\/uploads\/sites\/58\/2025\/04\/1-2.jpg\" class=\"attachment-full size-full\" alt=\"\" data-no-retina=\"\" srcset=\"https:\/\/przedszkole61.edu.wroclaw.pl\/wp-content\/uploads\/sites\/58\/2025\/04\/1-2.jpg 900w, https:\/\/przedszkole61.edu.wroclaw.pl\/wp-content\/uploads\/sites\/58\/2025\/04\/1-2-300x169.jpg 300w, https:\/\/przedszkole61.edu.wroclaw.pl\/wp-content\/uploads\/sites\/58\/2025\/04\/1-2-768x432.jpg 768w\" sizes=\"auto, (max-width: 900px) 100vw, 900px\" \/><\/a><\/div><p><\/p><\/div><\/div><div class='col-md-4'><figure tabindex='0' class='pe-gallery-item pe-gallery-modal' data-mfp-src='#modal-gallery-1-37367'><div class='pe-gallery-image portrait'>\r\n\t\t\t\t\t\t\t<img loading=\"lazy\" decoding=\"async\" width=\"169\" height=\"300\" src=\"https:\/\/przedszkole61.edu.wroclaw.pl\/wp-content\/uploads\/sites\/58\/2025\/04\/4-2-169x300.jpg\" class=\"attachment-medium size-medium\" alt=\"\" data-no-retina=\"\" srcset=\"https:\/\/przedszkole61.edu.wroclaw.pl\/wp-content\/uploads\/sites\/58\/2025\/04\/4-2-169x300.jpg 169w, https:\/\/przedszkole61.edu.wroclaw.pl\/wp-content\/uploads\/sites\/58\/2025\/04\/4-2.jpg 506w\" sizes=\"auto, (max-width: 169px) 100vw, 169px\" \/>\r\n\t\t\t\t\t\t<\/div><\/figure><div id='modal-gallery-1-37367' class='mfp-modal-content mfp-hide' tabindex='-1' role='dialog' aria-labelledby='gallery-1-37367' style='max-width: 506px;><h4 id='gallery-1-37367'>4<\/h4><div class='pe-gallery-full-image'><a href=\"https:\/\/przedszkole61.edu.wroclaw.pl\/wp-content\/uploads\/sites\/58\/2025\/04\/4-2.jpg\"><img loading=\"lazy\" decoding=\"async\" width=\"506\" height=\"900\" src=\"https:\/\/przedszkole61.edu.wroclaw.pl\/wp-content\/uploads\/sites\/58\/2025\/04\/4-2.jpg\" class=\"attachment-full size-full\" alt=\"\" data-no-retina=\"\" srcset=\"https:\/\/przedszkole61.edu.wroclaw.pl\/wp-content\/uploads\/sites\/58\/2025\/04\/4-2.jpg 506w, https:\/\/przedszkole61.edu.wroclaw.pl\/wp-content\/uploads\/sites\/58\/2025\/04\/4-2-169x300.jpg 169w\" sizes=\"auto, (max-width: 506px) 100vw, 506px\" \/><\/a><\/div><p><\/p><\/div><\/div><div class='col-md-4'><figure tabindex='0' class='pe-gallery-item pe-gallery-modal' data-mfp-src='#modal-gallery-1-37372'><div class='pe-gallery-image landscape'>\r\n\t\t\t\t\t\t\t<img loading=\"lazy\" decoding=\"async\" width=\"300\" height=\"300\" src=\"https:\/\/przedszkole61.edu.wroclaw.pl\/wp-content\/uploads\/sites\/58\/2025\/04\/PHOTO-2025-04-08-12-10-11-300x300.jpg\" class=\"attachment-medium size-medium\" alt=\"\" data-no-retina=\"\" srcset=\"https:\/\/przedszkole61.edu.wroclaw.pl\/wp-content\/uploads\/sites\/58\/2025\/04\/PHOTO-2025-04-08-12-10-11-300x300.jpg 300w, https:\/\/przedszkole61.edu.wroclaw.pl\/wp-content\/uploads\/sites\/58\/2025\/04\/PHOTO-2025-04-08-12-10-11-150x150.jpg 150w, https:\/\/przedszkole61.edu.wroclaw.pl\/wp-content\/uploads\/sites\/58\/2025\/04\/PHOTO-2025-04-08-12-10-11-768x768.jpg 768w, https:\/\/przedszkole61.edu.wroclaw.pl\/wp-content\/uploads\/sites\/58\/2025\/04\/PHOTO-2025-04-08-12-10-11.jpg 900w\" sizes=\"auto, (max-width: 300px) 100vw, 300px\" \/>\r\n\t\t\t\t\t\t<\/div><\/figure><div id='modal-gallery-1-37372' class='mfp-modal-content mfp-hide' tabindex='-1' role='dialog' aria-labelledby='gallery-1-37372' style='max-width: 900px;><h4 id='gallery-1-37372'>PHOTO-2025-04-08-12-10-11<\/h4><div class='pe-gallery-full-image'><a href=\"https:\/\/przedszkole61.edu.wroclaw.pl\/wp-content\/uploads\/sites\/58\/2025\/04\/PHOTO-2025-04-08-12-10-11.jpg\"><img loading=\"lazy\" decoding=\"async\" width=\"900\" height=\"900\" src=\"https:\/\/przedszkole61.edu.wroclaw.pl\/wp-content\/uploads\/sites\/58\/2025\/04\/PHOTO-2025-04-08-12-10-11.jpg\" class=\"attachment-full size-full\" alt=\"\" data-no-retina=\"\" srcset=\"https:\/\/przedszkole61.edu.wroclaw.pl\/wp-content\/uploads\/sites\/58\/2025\/04\/PHOTO-2025-04-08-12-10-11.jpg 900w, https:\/\/przedszkole61.edu.wroclaw.pl\/wp-content\/uploads\/sites\/58\/2025\/04\/PHOTO-2025-04-08-12-10-11-300x300.jpg 300w, https:\/\/przedszkole61.edu.wroclaw.pl\/wp-content\/uploads\/sites\/58\/2025\/04\/PHOTO-2025-04-08-12-10-11-150x150.jpg 150w, https:\/\/przedszkole61.edu.wroclaw.pl\/wp-content\/uploads\/sites\/58\/2025\/04\/PHOTO-2025-04-08-12-10-11-768x768.jpg 768w\" sizes=\"auto, (max-width: 900px) 100vw, 900px\" \/><\/a><\/div><p><\/p><\/div><\/div><div class='col-md-4'><figure tabindex='0' class='pe-gallery-item pe-gallery-modal' data-mfp-src='#modal-gallery-1-37373'><div class='pe-gallery-image portrait'>\r\n\t\t\t\t\t\t\t<img loading=\"lazy\" decoding=\"async\" width=\"169\" height=\"300\" src=\"https:\/\/przedszkole61.edu.wroclaw.pl\/wp-content\/uploads\/sites\/58\/2025\/04\/PHOTO-2025-04-08-12-46-03-169x300.jpg\" class=\"attachment-medium size-medium\" alt=\"\" data-no-retina=\"\" srcset=\"https:\/\/przedszkole61.edu.wroclaw.pl\/wp-content\/uploads\/sites\/58\/2025\/04\/PHOTO-2025-04-08-12-46-03-169x300.jpg 169w, https:\/\/przedszkole61.edu.wroclaw.pl\/wp-content\/uploads\/sites\/58\/2025\/04\/PHOTO-2025-04-08-12-46-03.jpg 506w\" sizes=\"auto, (max-width: 169px) 100vw, 169px\" \/>\r\n\t\t\t\t\t\t<\/div><\/figure><div id='modal-gallery-1-37373' class='mfp-modal-content mfp-hide' tabindex='-1' role='dialog' aria-labelledby='gallery-1-37373' style='max-width: 506px;><h4 id='gallery-1-37373'>PHOTO-2025-04-08-12-46-03<\/h4><div class='pe-gallery-full-image'><a href=\"https:\/\/przedszkole61.edu.wroclaw.pl\/wp-content\/uploads\/sites\/58\/2025\/04\/PHOTO-2025-04-08-12-46-03.jpg\"><img loading=\"lazy\" decoding=\"async\" width=\"506\" height=\"900\" src=\"https:\/\/przedszkole61.edu.wroclaw.pl\/wp-content\/uploads\/sites\/58\/2025\/04\/PHOTO-2025-04-08-12-46-03.jpg\" class=\"attachment-full size-full\" alt=\"\" data-no-retina=\"\" srcset=\"https:\/\/przedszkole61.edu.wroclaw.pl\/wp-content\/uploads\/sites\/58\/2025\/04\/PHOTO-2025-04-08-12-46-03.jpg 506w, https:\/\/przedszkole61.edu.wroclaw.pl\/wp-content\/uploads\/sites\/58\/2025\/04\/PHOTO-2025-04-08-12-46-03-169x300.jpg 169w\" sizes=\"auto, (max-width: 506px) 100vw, 506px\" \/><\/a><\/div><p><\/p><\/div><\/div><div class='col-md-4'><figure tabindex='0' class='pe-gallery-item pe-gallery-modal' data-mfp-src='#modal-gallery-1-37371'><div class='pe-gallery-image landscape'>\r\n\t\t\t\t\t\t\t<img loading=\"lazy\" decoding=\"async\" width=\"300\" height=\"300\" src=\"https:\/\/przedszkole61.edu.wroclaw.pl\/wp-content\/uploads\/sites\/58\/2025\/04\/PHOTO-2025-04-08-12-06-38-300x300.jpg\" class=\"attachment-medium size-medium\" alt=\"\" data-no-retina=\"\" srcset=\"https:\/\/przedszkole61.edu.wroclaw.pl\/wp-content\/uploads\/sites\/58\/2025\/04\/PHOTO-2025-04-08-12-06-38-300x300.jpg 300w, https:\/\/przedszkole61.edu.wroclaw.pl\/wp-content\/uploads\/sites\/58\/2025\/04\/PHOTO-2025-04-08-12-06-38-150x150.jpg 150w, https:\/\/przedszkole61.edu.wroclaw.pl\/wp-content\/uploads\/sites\/58\/2025\/04\/PHOTO-2025-04-08-12-06-38-768x768.jpg 768w, https:\/\/przedszkole61.edu.wroclaw.pl\/wp-content\/uploads\/sites\/58\/2025\/04\/PHOTO-2025-04-08-12-06-38.jpg 900w\" sizes=\"auto, (max-width: 300px) 100vw, 300px\" \/>\r\n\t\t\t\t\t\t<\/div><\/figure><div id='modal-gallery-1-37371' class='mfp-modal-content mfp-hide' tabindex='-1' role='dialog' aria-labelledby='gallery-1-37371' style='max-width: 900px;><h4 id='gallery-1-37371'>PHOTO-2025-04-08-12-06-38<\/h4><div class='pe-gallery-full-image'><a href=\"https:\/\/przedszkole61.edu.wroclaw.pl\/wp-content\/uploads\/sites\/58\/2025\/04\/PHOTO-2025-04-08-12-06-38.jpg\"><img loading=\"lazy\" decoding=\"async\" width=\"900\" height=\"900\" src=\"https:\/\/przedszkole61.edu.wroclaw.pl\/wp-content\/uploads\/sites\/58\/2025\/04\/PHOTO-2025-04-08-12-06-38.jpg\" class=\"attachment-full size-full\" alt=\"\" data-no-retina=\"\" srcset=\"https:\/\/przedszkole61.edu.wroclaw.pl\/wp-content\/uploads\/sites\/58\/2025\/04\/PHOTO-2025-04-08-12-06-38.jpg 900w, https:\/\/przedszkole61.edu.wroclaw.pl\/wp-content\/uploads\/sites\/58\/2025\/04\/PHOTO-2025-04-08-12-06-38-300x300.jpg 300w, https:\/\/przedszkole61.edu.wroclaw.pl\/wp-content\/uploads\/sites\/58\/2025\/04\/PHOTO-2025-04-08-12-06-38-150x150.jpg 150w, https:\/\/przedszkole61.edu.wroclaw.pl\/wp-content\/uploads\/sites\/58\/2025\/04\/PHOTO-2025-04-08-12-06-38-768x768.jpg 768w\" sizes=\"auto, (max-width: 900px) 100vw, 900px\" \/><\/a><\/div><p><\/p><\/div><\/div><div class='col-md-4'><figure tabindex='0' class='pe-gallery-item pe-gallery-modal' data-mfp-src='#modal-gallery-1-37368'><div class='pe-gallery-image landscape'>\r\n\t\t\t\t\t\t\t<img loading=\"lazy\" decoding=\"async\" width=\"300\" height=\"225\" src=\"https:\/\/przedszkole61.edu.wroclaw.pl\/wp-content\/uploads\/sites\/58\/2025\/04\/5-1-300x225.jpg\" class=\"attachment-medium size-medium\" alt=\"\" data-no-retina=\"\" srcset=\"https:\/\/przedszkole61.edu.wroclaw.pl\/wp-content\/uploads\/sites\/58\/2025\/04\/5-1-300x225.jpg 300w, https:\/\/przedszkole61.edu.wroclaw.pl\/wp-content\/uploads\/sites\/58\/2025\/04\/5-1-768x575.jpg 768w, https:\/\/przedszkole61.edu.wroclaw.pl\/wp-content\/uploads\/sites\/58\/2025\/04\/5-1.jpg 900w\" sizes=\"auto, (max-width: 300px) 100vw, 300px\" \/>\r\n\t\t\t\t\t\t<\/div><\/figure><div id='modal-gallery-1-37368' class='mfp-modal-content mfp-hide' tabindex='-1' role='dialog' aria-labelledby='gallery-1-37368' style='max-width: 900px;><h4 id='gallery-1-37368'>5<\/h4><div class='pe-gallery-full-image'><a href=\"https:\/\/przedszkole61.edu.wroclaw.pl\/wp-content\/uploads\/sites\/58\/2025\/04\/5-1.jpg\"><img loading=\"lazy\" decoding=\"async\" width=\"900\" height=\"674\" src=\"https:\/\/przedszkole61.edu.wroclaw.pl\/wp-content\/uploads\/sites\/58\/2025\/04\/5-1.jpg\" class=\"attachment-full size-full\" alt=\"\" data-no-retina=\"\" srcset=\"https:\/\/przedszkole61.edu.wroclaw.pl\/wp-content\/uploads\/sites\/58\/2025\/04\/5-1.jpg 900w, https:\/\/przedszkole61.edu.wroclaw.pl\/wp-content\/uploads\/sites\/58\/2025\/04\/5-1-300x225.jpg 300w, https:\/\/przedszkole61.edu.wroclaw.pl\/wp-content\/uploads\/sites\/58\/2025\/04\/5-1-768x575.jpg 768w\" sizes=\"auto, (max-width: 900px) 100vw, 900px\" \/><\/a><\/div><p><\/p><\/div><\/div><\/div><\/div>\n\n<p>&nbsp;<\/p>\n","protected":false},"excerpt":{"rendered":"<p>08 kwietnia 2025 Gajowickie Skrzaty wzi\u0119\u0142y udzia\u0142 w ekscytuj\u0105cej podr\u00f3\u017cy przez fascynuj\u0105ce reakcje chemiczne. Wybuchowe jajko i kolorowa piana to by\u0142a super zabawa! Organizacja i prowadzenie warsztat\u00f3w \u2013 Pani Anna [&hellip;]<\/p>\n","protected":false},"author":241,"featured_media":37367,"comment_status":"closed","ping_status":"closed","sticky":false,"template":"","format":"standard","meta":{"ngg_post_thumbnail":0,"footnotes":""},"categories":[8],"tags":[],"class_list":["post-37364","post","type-post","status-publish","format-standard","has-post-thumbnail","hentry","category-wydarzenia","clearfix"],"_links":{"self":[{"href":"https:\/\/przedszkole61.edu.wroclaw.pl\/index.php\/wp-json\/wp\/v2\/posts\/37364","targetHints":{"allow":["GET"]}}],"collection":[{"href":"https:\/\/przedszkole61.edu.wroclaw.pl\/index.php\/wp-json\/wp\/v2\/posts"}],"about":[{"href":"https:\/\/przedszkole61.edu.wroclaw.pl\/index.php\/wp-json\/wp\/v2\/types\/post"}],"author":[{"embeddable":true,"href":"https:\/\/przedszkole61.edu.wroclaw.pl\/index.php\/wp-json\/wp\/v2\/users\/241"}],"replies":[{"embeddable":true,"href":"https:\/\/przedszkole61.edu.wroclaw.pl\/index.php\/wp-json\/wp\/v2\/comments?post=37364"}],"version-history":[{"count":5,"href":"https:\/\/przedszkole61.edu.wroclaw.pl\/index.php\/wp-json\/wp\/v2\/posts\/37364\/revisions"}],"predecessor-version":[{"id":38004,"href":"https:\/\/przedszkole61.edu.wroclaw.pl\/index.php\/wp-json\/wp\/v2\/posts\/37364\/revisions\/38004"}],"wp:featuredmedia":[{"embeddable":true,"href":"https:\/\/przedszkole61.edu.wroclaw.pl\/index.php\/wp-json\/wp\/v2\/media\/37367"}],"wp:attachment":[{"href":"https:\/\/przedszkole61.edu.wroclaw.pl\/index.php\/wp-json\/wp\/v2\/media?parent=37364"}],"wp:term":[{"taxonomy":"category","embeddable":true,"href":"https:\/\/przedszkole61.edu.wroclaw.pl\/index.php\/wp-json\/wp\/v2\/categories?post=37364"},{"taxonomy":"post_tag","embeddable":true,"href":"https:\/\/przedszkole61.edu.wroclaw.pl\/index.php\/wp-json\/wp\/v2\/tags?post=37364"}],"curies":[{"name":"wp","href":"https:\/\/api.w.org\/{rel}","templated":true}]}}