
{"id":37405,"date":"2025-04-10T17:39:51","date_gmt":"2025-04-10T15:39:51","guid":{"rendered":"https:\/\/przedszkole61.edu.wroclaw.pl\/?p=37405"},"modified":"2025-04-10T23:26:13","modified_gmt":"2025-04-10T21:26:13","slug":"muzyczny-swiat-dziadka-bacha-fagot","status":"publish","type":"post","link":"https:\/\/przedszkole61.edu.wroclaw.pl\/index.php\/2025\/04\/10\/muzyczny-swiat-dziadka-bacha-fagot\/","title":{"rendered":"Muzyczny \u015awiat Dziadka Bacha"},"content":{"rendered":"<p><strong>10 kwietnia 2025<\/strong> Gajowickie Skrzaty pozna\u0142y <span class=\"yt-core-attributed-string yt-core-attributed-string--white-space-pre-wrap\" dir=\"auto\" role=\"text\"><span class=\"yt-core-attributed-string--link-inherit-color\" dir=\"auto\">jeden z najbardziej interesuj\u0105cych instrument\u00f3w muzycznych na \u015bwiecie &#8211; fagot. <strong>Prowadzenie audycji: Tadeusz Nestorowicz<\/strong><\/span><\/span><\/p>\n<p>&nbsp;<\/p>\n<div id='pe-gallery-1' class='pe-gallery pe-gallery-37405 columns-3 img-size-medium'><div class='pe-row'><div class='col-md-4'><figure tabindex='0' class='pe-gallery-item ' ><div class='pe-gallery-image portrait'>\r\n\t\t\t\t\t\t\t<a href=\"https:\/\/przedszkole61.edu.wroclaw.pl\/wp-content\/uploads\/sites\/58\/2025\/04\/PHOTO-2025-04-10-17-01-51.jpg\"><img loading=\"lazy\" decoding=\"async\" width=\"225\" height=\"300\" src=\"https:\/\/przedszkole61.edu.wroclaw.pl\/wp-content\/uploads\/sites\/58\/2025\/04\/PHOTO-2025-04-10-17-01-51-225x300.jpg\" class=\"attachment-medium size-medium\" alt=\"\" data-no-retina=\"\" srcset=\"https:\/\/przedszkole61.edu.wroclaw.pl\/wp-content\/uploads\/sites\/58\/2025\/04\/PHOTO-2025-04-10-17-01-51-225x300.jpg 225w, https:\/\/przedszkole61.edu.wroclaw.pl\/wp-content\/uploads\/sites\/58\/2025\/04\/PHOTO-2025-04-10-17-01-51.jpg 675w\" sizes=\"auto, (max-width: 225px) 100vw, 225px\" \/><\/a>\r\n\t\t\t\t\t\t<\/div><\/figure><\/div><div class='col-md-4'><figure tabindex='0' class='pe-gallery-item ' ><div class='pe-gallery-image portrait'>\r\n\t\t\t\t\t\t\t<a href=\"https:\/\/przedszkole61.edu.wroclaw.pl\/wp-content\/uploads\/sites\/58\/2025\/04\/PHOTO-2025-04-10-17-01-52.jpg\"><img loading=\"lazy\" decoding=\"async\" width=\"225\" height=\"300\" src=\"https:\/\/przedszkole61.edu.wroclaw.pl\/wp-content\/uploads\/sites\/58\/2025\/04\/PHOTO-2025-04-10-17-01-52-225x300.jpg\" class=\"attachment-medium size-medium\" alt=\"\" data-no-retina=\"\" srcset=\"https:\/\/przedszkole61.edu.wroclaw.pl\/wp-content\/uploads\/sites\/58\/2025\/04\/PHOTO-2025-04-10-17-01-52-225x300.jpg 225w, https:\/\/przedszkole61.edu.wroclaw.pl\/wp-content\/uploads\/sites\/58\/2025\/04\/PHOTO-2025-04-10-17-01-52.jpg 675w\" sizes=\"auto, (max-width: 225px) 100vw, 225px\" \/><\/a>\r\n\t\t\t\t\t\t<\/div><\/figure><\/div><div class='col-md-4'><figure tabindex='0' class='pe-gallery-item ' ><div class='pe-gallery-image portrait'>\r\n\t\t\t\t\t\t\t<a href=\"https:\/\/przedszkole61.edu.wroclaw.pl\/wp-content\/uploads\/sites\/58\/2025\/04\/7-1.jpg\"><img loading=\"lazy\" decoding=\"async\" width=\"225\" height=\"300\" src=\"https:\/\/przedszkole61.edu.wroclaw.pl\/wp-content\/uploads\/sites\/58\/2025\/04\/7-1-225x300.jpg\" class=\"attachment-medium size-medium\" alt=\"\" data-no-retina=\"\" srcset=\"https:\/\/przedszkole61.edu.wroclaw.pl\/wp-content\/uploads\/sites\/58\/2025\/04\/7-1-225x300.jpg 225w, https:\/\/przedszkole61.edu.wroclaw.pl\/wp-content\/uploads\/sites\/58\/2025\/04\/7-1.jpg 675w\" sizes=\"auto, (max-width: 225px) 100vw, 225px\" \/><\/a>\r\n\t\t\t\t\t\t<\/div><\/figure><\/div><\/div><\/div>\n\n","protected":false},"excerpt":{"rendered":"<p>10 kwietnia 2025 Gajowickie Skrzaty pozna\u0142y jeden z najbardziej interesuj\u0105cych instrument\u00f3w muzycznych na \u015bwiecie &#8211; fagot. Prowadzenie audycji: Tadeusz Nestorowicz &nbsp;<\/p>\n","protected":false},"author":241,"featured_media":37406,"comment_status":"closed","ping_status":"closed","sticky":false,"template":"","format":"standard","meta":{"ngg_post_thumbnail":0,"footnotes":""},"categories":[8],"tags":[],"class_list":["post-37405","post","type-post","status-publish","format-standard","has-post-thumbnail","hentry","category-wydarzenia","clearfix"],"_links":{"self":[{"href":"https:\/\/przedszkole61.edu.wroclaw.pl\/index.php\/wp-json\/wp\/v2\/posts\/37405","targetHints":{"allow":["GET"]}}],"collection":[{"href":"https:\/\/przedszkole61.edu.wroclaw.pl\/index.php\/wp-json\/wp\/v2\/posts"}],"about":[{"href":"https:\/\/przedszkole61.edu.wroclaw.pl\/index.php\/wp-json\/wp\/v2\/types\/post"}],"author":[{"embeddable":true,"href":"https:\/\/przedszkole61.edu.wroclaw.pl\/index.php\/wp-json\/wp\/v2\/users\/241"}],"replies":[{"embeddable":true,"href":"https:\/\/przedszkole61.edu.wroclaw.pl\/index.php\/wp-json\/wp\/v2\/comments?post=37405"}],"version-history":[{"count":3,"href":"https:\/\/przedszkole61.edu.wroclaw.pl\/index.php\/wp-json\/wp\/v2\/posts\/37405\/revisions"}],"predecessor-version":[{"id":37413,"href":"https:\/\/przedszkole61.edu.wroclaw.pl\/index.php\/wp-json\/wp\/v2\/posts\/37405\/revisions\/37413"}],"wp:featuredmedia":[{"embeddable":true,"href":"https:\/\/przedszkole61.edu.wroclaw.pl\/index.php\/wp-json\/wp\/v2\/media\/37406"}],"wp:attachment":[{"href":"https:\/\/przedszkole61.edu.wroclaw.pl\/index.php\/wp-json\/wp\/v2\/media?parent=37405"}],"wp:term":[{"taxonomy":"category","embeddable":true,"href":"https:\/\/przedszkole61.edu.wroclaw.pl\/index.php\/wp-json\/wp\/v2\/categories?post=37405"},{"taxonomy":"post_tag","embeddable":true,"href":"https:\/\/przedszkole61.edu.wroclaw.pl\/index.php\/wp-json\/wp\/v2\/tags?post=37405"}],"curies":[{"name":"wp","href":"https:\/\/api.w.org\/{rel}","templated":true}]}}