
{"id":37492,"date":"2025-04-15T20:34:47","date_gmt":"2025-04-15T18:34:47","guid":{"rendered":"https:\/\/przedszkole61.edu.wroclaw.pl\/?p=37492"},"modified":"2025-06-05T21:29:14","modified_gmt":"2025-06-05T19:29:14","slug":"podziekowanie-2","status":"publish","type":"post","link":"https:\/\/przedszkole61.edu.wroclaw.pl\/index.php\/2025\/04\/15\/podziekowanie-2\/","title":{"rendered":"Podzi\u0119kowanie"},"content":{"rendered":"<p><strong>Dzi\u0119kujemy Rodzicom Karolinki z grupy V za zakupienie wspania\u0142ych zabawek do piaskownicy. Jeste\u015bmy zachwyceni &#8211;\u00a0 zabawki do piaskownicy jeszcze nigdy nie by\u0142y tak urocze!\u00a0 B\u0119dzie du\u017co rado\u015bci w czasie zabawy w piaskownicy wiosn\u0105 i latem.<\/strong> <strong>Dzi\u0119kujemy!<\/strong><\/p>\n<p>&nbsp;<\/p>\n<div id='pe-gallery-1' class='pe-gallery pe-gallery-37492 columns-3 img-size-medium'><div class='pe-row'><div class='col-md-4'><figure tabindex='0' class='pe-gallery-item pe-gallery-modal' data-mfp-src='#modal-gallery-1-37498'><div class='pe-gallery-image portrait'>\r\n\t\t\t\t\t\t\t<img loading=\"lazy\" decoding=\"async\" width=\"225\" height=\"300\" src=\"https:\/\/przedszkole61.edu.wroclaw.pl\/wp-content\/uploads\/sites\/58\/2025\/04\/PHOTO-2025-04-15-16-50-42-225x300.jpg\" class=\"attachment-medium size-medium\" alt=\"\" data-no-retina=\"\" srcset=\"https:\/\/przedszkole61.edu.wroclaw.pl\/wp-content\/uploads\/sites\/58\/2025\/04\/PHOTO-2025-04-15-16-50-42-225x300.jpg 225w, https:\/\/przedszkole61.edu.wroclaw.pl\/wp-content\/uploads\/sites\/58\/2025\/04\/PHOTO-2025-04-15-16-50-42.jpg 675w\" sizes=\"auto, (max-width: 225px) 100vw, 225px\" \/>\r\n\t\t\t\t\t\t<\/div><\/figure><div id='modal-gallery-1-37498' class='mfp-modal-content mfp-hide' tabindex='-1' role='dialog' aria-labelledby='gallery-1-37498' style='max-width: 675px;><h4 id='gallery-1-37498'>PHOTO-2025-04-15-16-50-42<\/h4><div class='pe-gallery-full-image'><a href=\"https:\/\/przedszkole61.edu.wroclaw.pl\/wp-content\/uploads\/sites\/58\/2025\/04\/PHOTO-2025-04-15-16-50-42.jpg\"><img loading=\"lazy\" decoding=\"async\" width=\"675\" height=\"900\" src=\"https:\/\/przedszkole61.edu.wroclaw.pl\/wp-content\/uploads\/sites\/58\/2025\/04\/PHOTO-2025-04-15-16-50-42.jpg\" class=\"attachment-full size-full\" alt=\"\" data-no-retina=\"\" srcset=\"https:\/\/przedszkole61.edu.wroclaw.pl\/wp-content\/uploads\/sites\/58\/2025\/04\/PHOTO-2025-04-15-16-50-42.jpg 675w, https:\/\/przedszkole61.edu.wroclaw.pl\/wp-content\/uploads\/sites\/58\/2025\/04\/PHOTO-2025-04-15-16-50-42-225x300.jpg 225w\" sizes=\"auto, (max-width: 675px) 100vw, 675px\" \/><\/a><\/div><p><\/p><\/div><\/div><div class='col-md-4'><figure tabindex='0' class='pe-gallery-item pe-gallery-modal' data-mfp-src='#modal-gallery-1-37495'><div class='pe-gallery-image portrait'>\r\n\t\t\t\t\t\t\t<img loading=\"lazy\" decoding=\"async\" width=\"225\" height=\"300\" src=\"https:\/\/przedszkole61.edu.wroclaw.pl\/wp-content\/uploads\/sites\/58\/2025\/04\/PHOTO-2025-04-15-16-49-44-225x300.jpg\" class=\"attachment-medium size-medium\" alt=\"\" data-no-retina=\"\" srcset=\"https:\/\/przedszkole61.edu.wroclaw.pl\/wp-content\/uploads\/sites\/58\/2025\/04\/PHOTO-2025-04-15-16-49-44-225x300.jpg 225w, https:\/\/przedszkole61.edu.wroclaw.pl\/wp-content\/uploads\/sites\/58\/2025\/04\/PHOTO-2025-04-15-16-49-44.jpg 674w\" sizes=\"auto, (max-width: 225px) 100vw, 225px\" \/>\r\n\t\t\t\t\t\t<\/div><\/figure><div id='modal-gallery-1-37495' class='mfp-modal-content mfp-hide' tabindex='-1' role='dialog' aria-labelledby='gallery-1-37495' style='max-width: 674px;><h4 id='gallery-1-37495'>PHOTO-2025-04-15-16-49-44<\/h4><div class='pe-gallery-full-image'><a href=\"https:\/\/przedszkole61.edu.wroclaw.pl\/wp-content\/uploads\/sites\/58\/2025\/04\/PHOTO-2025-04-15-16-49-44.jpg\"><img loading=\"lazy\" decoding=\"async\" width=\"674\" height=\"900\" src=\"https:\/\/przedszkole61.edu.wroclaw.pl\/wp-content\/uploads\/sites\/58\/2025\/04\/PHOTO-2025-04-15-16-49-44.jpg\" class=\"attachment-full size-full\" alt=\"\" data-no-retina=\"\" srcset=\"https:\/\/przedszkole61.edu.wroclaw.pl\/wp-content\/uploads\/sites\/58\/2025\/04\/PHOTO-2025-04-15-16-49-44.jpg 674w, https:\/\/przedszkole61.edu.wroclaw.pl\/wp-content\/uploads\/sites\/58\/2025\/04\/PHOTO-2025-04-15-16-49-44-225x300.jpg 225w\" sizes=\"auto, (max-width: 674px) 100vw, 674px\" \/><\/a><\/div><p><\/p><\/div><\/div><div class='col-md-4'><figure tabindex='0' class='pe-gallery-item pe-gallery-modal' data-mfp-src='#modal-gallery-1-37493'><div class='pe-gallery-image portrait'>\r\n\t\t\t\t\t\t\t<img loading=\"lazy\" decoding=\"async\" width=\"225\" height=\"300\" src=\"https:\/\/przedszkole61.edu.wroclaw.pl\/wp-content\/uploads\/sites\/58\/2025\/04\/PHOTO-2025-04-15-16-48-43-225x300.jpg\" class=\"attachment-medium size-medium\" alt=\"\" data-no-retina=\"\" srcset=\"https:\/\/przedszkole61.edu.wroclaw.pl\/wp-content\/uploads\/sites\/58\/2025\/04\/PHOTO-2025-04-15-16-48-43-225x300.jpg 225w, https:\/\/przedszkole61.edu.wroclaw.pl\/wp-content\/uploads\/sites\/58\/2025\/04\/PHOTO-2025-04-15-16-48-43.jpg 675w\" sizes=\"auto, (max-width: 225px) 100vw, 225px\" \/>\r\n\t\t\t\t\t\t<\/div><\/figure><div id='modal-gallery-1-37493' class='mfp-modal-content mfp-hide' tabindex='-1' role='dialog' aria-labelledby='gallery-1-37493' style='max-width: 675px;><h4 id='gallery-1-37493'>PHOTO-2025-04-15-16-48-43<\/h4><div class='pe-gallery-full-image'><a href=\"https:\/\/przedszkole61.edu.wroclaw.pl\/wp-content\/uploads\/sites\/58\/2025\/04\/PHOTO-2025-04-15-16-48-43.jpg\"><img loading=\"lazy\" decoding=\"async\" width=\"675\" height=\"900\" src=\"https:\/\/przedszkole61.edu.wroclaw.pl\/wp-content\/uploads\/sites\/58\/2025\/04\/PHOTO-2025-04-15-16-48-43.jpg\" class=\"attachment-full size-full\" alt=\"\" data-no-retina=\"\" srcset=\"https:\/\/przedszkole61.edu.wroclaw.pl\/wp-content\/uploads\/sites\/58\/2025\/04\/PHOTO-2025-04-15-16-48-43.jpg 675w, https:\/\/przedszkole61.edu.wroclaw.pl\/wp-content\/uploads\/sites\/58\/2025\/04\/PHOTO-2025-04-15-16-48-43-225x300.jpg 225w\" sizes=\"auto, (max-width: 675px) 100vw, 675px\" \/><\/a><\/div><p><\/p><\/div><\/div><\/div><\/div>\n\n<p>&nbsp;<\/p>\n<p>&nbsp;<\/p>\n","protected":false},"excerpt":{"rendered":"<p>Dzi\u0119kujemy Rodzicom Karolinki z grupy V za zakupienie wspania\u0142ych zabawek do piaskownicy. Jeste\u015bmy zachwyceni &#8211;\u00a0 zabawki do piaskownicy jeszcze nigdy nie by\u0142y tak urocze!\u00a0 B\u0119dzie du\u017co rado\u015bci w czasie zabawy [&hellip;]<\/p>\n","protected":false},"author":241,"featured_media":37493,"comment_status":"closed","ping_status":"closed","sticky":false,"template":"","format":"standard","meta":{"ngg_post_thumbnail":0,"footnotes":""},"categories":[8],"tags":[],"class_list":["post-37492","post","type-post","status-publish","format-standard","has-post-thumbnail","hentry","category-wydarzenia","clearfix"],"_links":{"self":[{"href":"https:\/\/przedszkole61.edu.wroclaw.pl\/index.php\/wp-json\/wp\/v2\/posts\/37492","targetHints":{"allow":["GET"]}}],"collection":[{"href":"https:\/\/przedszkole61.edu.wroclaw.pl\/index.php\/wp-json\/wp\/v2\/posts"}],"about":[{"href":"https:\/\/przedszkole61.edu.wroclaw.pl\/index.php\/wp-json\/wp\/v2\/types\/post"}],"author":[{"embeddable":true,"href":"https:\/\/przedszkole61.edu.wroclaw.pl\/index.php\/wp-json\/wp\/v2\/users\/241"}],"replies":[{"embeddable":true,"href":"https:\/\/przedszkole61.edu.wroclaw.pl\/index.php\/wp-json\/wp\/v2\/comments?post=37492"}],"version-history":[{"count":4,"href":"https:\/\/przedszkole61.edu.wroclaw.pl\/index.php\/wp-json\/wp\/v2\/posts\/37492\/revisions"}],"predecessor-version":[{"id":38000,"href":"https:\/\/przedszkole61.edu.wroclaw.pl\/index.php\/wp-json\/wp\/v2\/posts\/37492\/revisions\/38000"}],"wp:featuredmedia":[{"embeddable":true,"href":"https:\/\/przedszkole61.edu.wroclaw.pl\/index.php\/wp-json\/wp\/v2\/media\/37493"}],"wp:attachment":[{"href":"https:\/\/przedszkole61.edu.wroclaw.pl\/index.php\/wp-json\/wp\/v2\/media?parent=37492"}],"wp:term":[{"taxonomy":"category","embeddable":true,"href":"https:\/\/przedszkole61.edu.wroclaw.pl\/index.php\/wp-json\/wp\/v2\/categories?post=37492"},{"taxonomy":"post_tag","embeddable":true,"href":"https:\/\/przedszkole61.edu.wroclaw.pl\/index.php\/wp-json\/wp\/v2\/tags?post=37492"}],"curies":[{"name":"wp","href":"https:\/\/api.w.org\/{rel}","templated":true}]}}